{"id":201327,"date":"2021-10-28T18:56:24","date_gmt":"2021-10-28T22:56:24","guid":{"rendered":"https:\/\/elluchador.info\/web\/?p=201327"},"modified":"2021-10-28T18:56:25","modified_gmt":"2021-10-28T22:56:25","slug":"ivan-duque-exige-la-liberacion-de-soldados-colombianos-retenidos","status":"publish","type":"post","link":"https:\/\/elluchador.info\/?p=201327","title":{"rendered":"Iv\u00e1n Duque exige la liberaci\u00f3n de soldados colombianos retenidos"},"content":{"rendered":"\n<p>El presidente\u00a0Iv\u00e1n Duque\u00a0exigi\u00f3 este jueves la \u00abliberaci\u00f3n r\u00e1pida\u00bb de 180 soldados retenidos por cocaleros en la frontera de Colombia con Venezuela, y advirti\u00f3 a los campesinos que si no los sueltan pronto las autoridades tratar\u00e1n el caso como \u00abun secuestro\u00bb.<\/p>\n\n\n\n<p>Las comunidades capturaron a los militares el martes cuando estaban destruyendo los cultivos ilegales en Tib\u00fa, un municipio del departamento de Norte de Santander que concentra la mayor superficie sembrada de coca en el mundo.<\/p>\n\n\n\n<p>Los cocaleros \u00absecuestraron a seis pelotones del Ej\u00e9rcito nacional\u00bb, dijo temprano el general \u00d3mar Sep\u00falveda. Relat\u00f3 que las tropas fueron rodeadas por campesinos con palos y machetes mientras cumpl\u00edan \u00abtareas de lucha contra toda la cadena de narcotr\u00e1fico\u00bb.<\/p>\n\n\n\n<p>Los soldados est\u00e1n concentrados en una escuela rural.<\/p>\n\n\n\n<p>\u00abEst\u00e1n bien, est\u00e1n con su armamento. Ellos no han querido entrar en confrontaci\u00f3n y eso lo valoro por el profesionalismo (\u2026) pero ciertamente estas pr\u00e1cticas no pueden seguir en el pa\u00eds\u00bb, reclam\u00f3 el presidente Duque en una declaraci\u00f3n a medios.<\/p>\n\n\n\n<p>\u00abLo que hay ah\u00ed es un secuestro y si esto no opera con una liberaci\u00f3n r\u00e1pida, ser\u00e1 tratado como un secuestro por todas las autoridades\u00bb, advirti\u00f3 el mandatario.<\/p>\n\n\n\n<p>Un vocero de una asociaci\u00f3n campesina que se identific\u00f3 como Junior dijo a\u00a0<em>W Radio<\/em>\u00a0que la comunidad tiene \u00abla mejor disposici\u00f3n de di\u00e1logo\u00bb para permitir la salida de los militares.<\/p>\n\n\n\n<p>Agreg\u00f3 que retuvieron a los soldados en protesta porque -aseguran- el gobierno incumpli\u00f3 sus compromisos en el programa de sustituci\u00f3n de sembrad\u00edos de coca por cultivos l\u00edcitos.<\/p>\n\n\n\n<p>En un video compartido por el Ej\u00e9rcito a la AFP se observa un grupo de soldados camuflados y armados con fusiles en lo que parece ser un peque\u00f1o caser\u00edo. Civiles los vigilan de cerca.<\/p>\n\n\n\n<p>La Defensor\u00eda del Pueblo, entidad que vela por los derechos humanos, inform\u00f3 en Twitter que se dirige hacia Tib\u00fa para adelantar una mediaci\u00f3n y obtener la liberaci\u00f3n de los soldados.<\/p>\n\n\n\n<p>Tib\u00fa, en el departamento de Norte Santander, forma parte de la llamada regi\u00f3n del Catatumbo, el territorio con m\u00e1s narcocultivos del mundo.<\/p>\n\n\n\n<p>En la zona hay unas 40.084 hect\u00e1reas sembradas con hoja de coca, seg\u00fan el \u00faltimo informe de la ONU de 2020.<\/p>\n\n\n\n<p>Rebeldes de la guerrilla ELN y disidentes de la exguerrilla de las&nbsp;<a href=\"https:\/\/www.elnacional.com\/venezuela\/disidentes-de-farc-se-reunen-con-narcos-mexicanos-en-venezuela-dice-colombia\/\" target=\"_blank\" rel=\"noreferrer noopener\">FARC<\/a>&nbsp;que no se acogieron al acuerdo de paz de 2016 operan en la zona lucr\u00e1ndose de las rentas del narcotr\u00e1fico.<\/p>\n\n\n\n<p>El defensor del pueblo Jaime Marthey dijo a\u00a0<em>W Radio<\/em>\u00a0que los campesinos reclaman desde hace tiempo que la erradicaci\u00f3n sea un proceso concertado.<\/p>\n\n\n\n<p>El Nacional <\/p>\n","protected":false},"excerpt":{"rendered":"<p>El presidente\u00a0Iv\u00e1n Duque\u00a0exigi\u00f3 este jueves la \u00abliberaci\u00f3n r\u00e1pida\u00bb de 180 soldados retenidos por cocaleros en la frontera de Colombia con Venezuela, y advirti\u00f3 a los campesinos que si no los sueltan pronto las autoridades tratar\u00e1n el caso como \u00abun secuestro\u00bb. Las comunidades capturaron a los militares el martes cuando estaban destruyendo los cultivos ilegales en [&hellip;]<\/p>\n","protected":false},"author":2,"featured_media":201328,"comment_status":"closed","ping_status":"closed","sticky":false,"template":"","format":"standard","meta":{"footnotes":""},"categories":[5,8],"tags":[],"class_list":{"0":"post-201327","1":"post","2":"type-post","3":"status-publish","4":"format-standard","5":"has-post-thumbnail","7":"category-destacado","8":"category-internacionales"},"_links":{"self":[{"href":"https:\/\/elluchador.info\/index.php?rest_route=\/wp\/v2\/posts\/201327","targetHints":{"allow":["GET"]}}],"collection":[{"href":"https:\/\/elluchador.info\/index.php?rest_route=\/wp\/v2\/posts"}],"about":[{"href":"https:\/\/elluchador.info\/index.php?rest_route=\/wp\/v2\/types\/post"}],"author":[{"embeddable":true,"href":"https:\/\/elluchador.info\/index.php?rest_route=\/wp\/v2\/users\/2"}],"replies":[{"embeddable":true,"href":"https:\/\/elluchador.info\/index.php?rest_route=%2Fwp%2Fv2%2Fcomments&post=201327"}],"version-history":[{"count":1,"href":"https:\/\/elluchador.info\/index.php?rest_route=\/wp\/v2\/posts\/201327\/revisions"}],"predecessor-version":[{"id":201329,"href":"https:\/\/elluchador.info\/index.php?rest_route=\/wp\/v2\/posts\/201327\/revisions\/201329"}],"wp:featuredmedia":[{"embeddable":true,"href":"https:\/\/elluchador.info\/index.php?rest_route=\/wp\/v2\/media\/201328"}],"wp:attachment":[{"href":"https:\/\/elluchador.info\/index.php?rest_route=%2Fwp%2Fv2%2Fmedia&parent=201327"}],"wp:term":[{"taxonomy":"category","embeddable":true,"href":"https:\/\/elluchador.info\/index.php?rest_route=%2Fwp%2Fv2%2Fcategories&post=201327"},{"taxonomy":"post_tag","embeddable":true,"href":"https:\/\/elluchador.info\/index.php?rest_route=%2Fwp%2Fv2%2Ftags&post=201327"}],"curies":[{"name":"wp","href":"https:\/\/api.w.org\/{rel}","templated":true}]}}