{"id":202777,"date":"2021-11-23T10:34:15","date_gmt":"2021-11-23T14:34:15","guid":{"rendered":"https:\/\/elluchador.info\/web\/?p=202777"},"modified":"2021-11-23T10:34:17","modified_gmt":"2021-11-23T14:34:17","slug":"en-imagenes-las-masivas-protestas-en-europa-contra-medidas-anticovid","status":"publish","type":"post","link":"https:\/\/elluchador.info\/?p=202777","title":{"rendered":"En im\u00e1genes las masivas protestas en Europa contra medidas anticovid"},"content":{"rendered":"\n<p>Mientras que en cientos de pa\u00edses est\u00e1n realizando arduas jornadas de&nbsp;<strong>vacunaci\u00f3n<\/strong>&nbsp;a las cuales la poblaci\u00f3n ha acudido con responsabilidad para proteger su salud y la de todos, en otros pa\u00edses los ciudadanos sigue neg\u00e1ndose a recibir la vacuna, molest\u00e1ndose incluso por las medidas anticovid impuestas por las autoridades.<\/p>\n\n\n\n<p>Precisamente, en Europa est\u00e1 actualmente el epicentro de las protestas. Se niegan a que los obliguen a vacunarse, a usar cubrebocas o que condicionen las actividades que pueden hacer o los sitios que pueden visitar dependiendo de si tienen la vacuna o no.<\/p>\n\n\n\n<h2 class=\"wp-block-heading\">En im\u00e1genes las masivas protestas en Europa contra medidas anticovid<\/h2>\n\n\n\n<p>Por ejemplo, en B\u00e9lgica los manifestantes salieron a la calle a mostrarse en contra de las reglas que les proh\u00edben a los no vacunados ingresar a sitios como restaurantes y bares. Llegaron a lanzar a la polic\u00eda gases y fuegos artificiales. Estas mismas protestas se replicaron en otro pa\u00edses europeos como Austria, Croacia e Italia.<\/p>\n\n\n\n<figure class=\"wp-block-embed is-type-video is-provider-youtube wp-block-embed-youtube wp-embed-aspect-16-9 wp-has-aspect-ratio\"><div class=\"wp-block-embed__wrapper\">\n<iframe loading=\"lazy\" title=\"DIRECTO | Protestas en B\u00e9lgica por las nuevas restricciones\" width=\"696\" height=\"392\" src=\"https:\/\/www.youtube.com\/embed\/VX4Rmq8E8NM?feature=oembed\" frameborder=\"0\" allow=\"accelerometer; autoplay; clipboard-write; encrypted-media; gyroscope; picture-in-picture; web-share\" referrerpolicy=\"strict-origin-when-cross-origin\" allowfullscreen><\/iframe>\n<\/div><\/figure>\n\n\n\n<p>BBC Mundo rese\u00f1\u00f3 en un art\u00edculo, citando a m\u00e9dicos brit\u00e1nicos, que el Covid-19 se est\u00e1 convirtiendo una vez m\u00e1s \u201cen la principal causa de mortalidad en nuestra regi\u00f3n\u201d, refiri\u00e9ndose a Europa, por lo que las autoridades est\u00e1n obligadas a crear nuevas medidas para tratar de contener la propagaci\u00f3n del virus.<\/p>\n\n\n\n<p>En Pa\u00edses Bajos hubo 5 polic\u00edas heridos en dos noches de disturbios, inform\u00f3 The New York Post. Las protestas se dan a pesar de que el 70% de la poblaci\u00f3n est\u00e1 completamente vacunado, pero a\u00fan as\u00ed los casos de Covid-19 siguem subiendo. De hecho, otra de las reglas obligatorias es que los sitios nocturnos como bares y restaurantes solo puede permanecer abiertos hasta las 8:00 de la noche y est\u00e1nprohibidas las aglomeraciones.<\/p>\n\n\n\n<figure class=\"wp-block-embed is-type-video is-provider-youtube wp-block-embed-youtube wp-embed-aspect-16-9 wp-has-aspect-ratio\"><div class=\"wp-block-embed__wrapper\">\n<iframe loading=\"lazy\" title=\"Austria: los desaf\u00edos de aislar a los no vacunados\" width=\"696\" height=\"392\" src=\"https:\/\/www.youtube.com\/embed\/uSBexsws4sM?feature=oembed\" frameborder=\"0\" allow=\"accelerometer; autoplay; clipboard-write; encrypted-media; gyroscope; picture-in-picture; web-share\" referrerpolicy=\"strict-origin-when-cross-origin\" allowfullscreen><\/iframe>\n<\/div><\/figure>\n\n\n\n<p>En Austria la situaci\u00f3n tambi\u00e9n est\u00e1 delicada, ya que el gobierno tambi\u00e9n orden\u00f3 confinamiento obligatorio para toda la poblaci\u00f3n ante el repunte de los casos positivos de Covid-19, adem\u00e1s que planea hacer que la vacunaci\u00f3n sea obligatoria en febrero de 2022.<\/p>\n\n\n\n<p>El ministro de Salud de Austria, Wolfgang Mueckstein, reconoce que este tipo de medidas son muy estrictas, pero que a la vez son necesarias en estos tiempos.<\/p>\n\n\n\n<figure class=\"wp-block-embed is-type-video is-provider-youtube wp-block-embed-youtube wp-embed-aspect-16-9 wp-has-aspect-ratio\"><div class=\"wp-block-embed__wrapper\">\n<iframe loading=\"lazy\" title=\"Violentos disturbios en Rotterdam tras las protestas contra las restricciones\" width=\"696\" height=\"392\" src=\"https:\/\/www.youtube.com\/embed\/EVESocRCd1o?feature=oembed\" frameborder=\"0\" allow=\"accelerometer; autoplay; clipboard-write; encrypted-media; gyroscope; picture-in-picture; web-share\" referrerpolicy=\"strict-origin-when-cross-origin\" allowfullscreen><\/iframe>\n<\/div><\/figure>\n\n\n\n<p>\u201cUn bloqueo, un m\u00e9todo relativamente duro, un mazo, es la \u00fanica opci\u00f3n para reducir el n\u00famero [de infecciones] aqu\u00ed\u201d, dijo, de acuerdo con un art\u00edculo publicado por la BBC.<\/p>\n\n\n\n<p>A muchos preocupa este nuevo confinamiento, ya que consideran que afectar\u00e1 nuevamente la econom\u00eda del pa\u00eds, especialmente a las peque\u00f1as y medianas empresas que est\u00e1 pr\u00e1cticamente sobreviviendo desde 2020, cuando irrumpi\u00f3 la pandemia en el mundo.<\/p>\n\n\n\n<p><strong>Metro News World<\/strong><\/p>\n","protected":false},"excerpt":{"rendered":"<p>Mientras que en cientos de pa\u00edses est\u00e1n realizando arduas jornadas de&nbsp;vacunaci\u00f3n&nbsp;a las cuales la poblaci\u00f3n ha acudido con responsabilidad para proteger su salud y la de todos, en otros pa\u00edses los ciudadanos sigue neg\u00e1ndose a recibir la vacuna, molest\u00e1ndose incluso por las medidas anticovid impuestas por las autoridades. Precisamente, en Europa est\u00e1 actualmente el epicentro [&hellip;]<\/p>\n","protected":false},"author":2,"featured_media":202778,"comment_status":"closed","ping_status":"closed","sticky":false,"template":"","format":"standard","meta":{"footnotes":""},"categories":[8],"tags":[],"class_list":{"0":"post-202777","1":"post","2":"type-post","3":"status-publish","4":"format-standard","5":"has-post-thumbnail","7":"category-internacionales"},"_links":{"self":[{"href":"https:\/\/elluchador.info\/index.php?rest_route=\/wp\/v2\/posts\/202777","targetHints":{"allow":["GET"]}}],"collection":[{"href":"https:\/\/elluchador.info\/index.php?rest_route=\/wp\/v2\/posts"}],"about":[{"href":"https:\/\/elluchador.info\/index.php?rest_route=\/wp\/v2\/types\/post"}],"author":[{"embeddable":true,"href":"https:\/\/elluchador.info\/index.php?rest_route=\/wp\/v2\/users\/2"}],"replies":[{"embeddable":true,"href":"https:\/\/elluchador.info\/index.php?rest_route=%2Fwp%2Fv2%2Fcomments&post=202777"}],"version-history":[{"count":1,"href":"https:\/\/elluchador.info\/index.php?rest_route=\/wp\/v2\/posts\/202777\/revisions"}],"predecessor-version":[{"id":202779,"href":"https:\/\/elluchador.info\/index.php?rest_route=\/wp\/v2\/posts\/202777\/revisions\/202779"}],"wp:featuredmedia":[{"embeddable":true,"href":"https:\/\/elluchador.info\/index.php?rest_route=\/wp\/v2\/media\/202778"}],"wp:attachment":[{"href":"https:\/\/elluchador.info\/index.php?rest_route=%2Fwp%2Fv2%2Fmedia&parent=202777"}],"wp:term":[{"taxonomy":"category","embeddable":true,"href":"https:\/\/elluchador.info\/index.php?rest_route=%2Fwp%2Fv2%2Fcategories&post=202777"},{"taxonomy":"post_tag","embeddable":true,"href":"https:\/\/elluchador.info\/index.php?rest_route=%2Fwp%2Fv2%2Ftags&post=202777"}],"curies":[{"name":"wp","href":"https:\/\/api.w.org\/{rel}","templated":true}]}}