{"id":202813,"date":"2021-11-23T19:08:06","date_gmt":"2021-11-23T23:08:06","guid":{"rendered":"https:\/\/elluchador.info\/web\/?p=202813"},"modified":"2021-11-23T19:08:07","modified_gmt":"2021-11-23T23:08:07","slug":"jorge-rodriguez-hay-otra-foto-opositora-diferente-a-la-que-existia-antes-del-21-de-noviembre","status":"publish","type":"post","link":"https:\/\/elluchador.info\/?p=202813","title":{"rendered":"Jorge Rodr\u00edguez \u201cHay otra foto opositora diferente a la que exist\u00eda antes del 21 de noviembre\u201d"},"content":{"rendered":"\n<p>Por medio de una rueda de prensa, Rodr\u00edguez destac\u00f3 que \u201cHay otra foto opositora diferente a la que exist\u00eda antes del 21 de noviembre\u201d<\/p>\n\n\n\n<p>Jorge Rodr\u00edguez, presidente de la Asamblea Nacional, pidi\u00f3 que representantes de la Alianza Democr\u00e1tica\u00a0y\u00a0Fuerza Vecinal\u00a0sean incorporados a la delegaci\u00f3n opositora del di\u00e1logo, tras los resultados electorales del 21 de noviembre, donde obtuvieron una gobernaci\u00f3n y m\u00e1s de 30 alcald\u00edas.<\/p>\n\n\n\n<p>Igualmente,&nbsp; aleg\u00f3 que la MUD solo logr\u00f3 ganar dos estados, Zulia y Cojedes, y sostuvo que \u201cYa no pueden seguir desde\u00f1ando a la Alianza Democr\u00e1tica, son de la oposici\u00f3n, (\u2026) La MUD como tal ya no existe\u201d<\/p>\n\n\n\n<p>Por su parte, reiter\u00f3 que \u201cNosotros ser\u00edamos ciegos o participar\u00edamos de esa fantas\u00eda delirante si decimos que la \u00fanica oposici\u00f3n en Venezuela es la MUD. Eso no es verdad. Existe Fuerza Vecinal, existe L\u00e1piz, existe la Alianza Democr\u00e1tica, existen grupos y organizaciones regionales que barrieron a la MUD en muchos municipios del pa\u00eds\u201d.<\/p>\n\n\n\n<p>WTC Radio<\/p>\n","protected":false},"excerpt":{"rendered":"<p>Por medio de una rueda de prensa, Rodr\u00edguez destac\u00f3 que \u201cHay otra foto opositora diferente a la que exist\u00eda antes del 21 de noviembre\u201d Jorge Rodr\u00edguez, presidente de la Asamblea Nacional, pidi\u00f3 que representantes de la Alianza Democr\u00e1tica\u00a0y\u00a0Fuerza Vecinal\u00a0sean incorporados a la delegaci\u00f3n opositora del di\u00e1logo, tras los resultados electorales del 21 de noviembre, donde [&hellip;]<\/p>\n","protected":false},"author":2,"featured_media":202814,"comment_status":"closed","ping_status":"closed","sticky":false,"template":"","format":"standard","meta":{"footnotes":""},"categories":[5,11],"tags":[],"class_list":{"0":"post-202813","1":"post","2":"type-post","3":"status-publish","4":"format-standard","5":"has-post-thumbnail","7":"category-destacado","8":"category-politica"},"_links":{"self":[{"href":"https:\/\/elluchador.info\/index.php?rest_route=\/wp\/v2\/posts\/202813","targetHints":{"allow":["GET"]}}],"collection":[{"href":"https:\/\/elluchador.info\/index.php?rest_route=\/wp\/v2\/posts"}],"about":[{"href":"https:\/\/elluchador.info\/index.php?rest_route=\/wp\/v2\/types\/post"}],"author":[{"embeddable":true,"href":"https:\/\/elluchador.info\/index.php?rest_route=\/wp\/v2\/users\/2"}],"replies":[{"embeddable":true,"href":"https:\/\/elluchador.info\/index.php?rest_route=%2Fwp%2Fv2%2Fcomments&post=202813"}],"version-history":[{"count":1,"href":"https:\/\/elluchador.info\/index.php?rest_route=\/wp\/v2\/posts\/202813\/revisions"}],"predecessor-version":[{"id":202815,"href":"https:\/\/elluchador.info\/index.php?rest_route=\/wp\/v2\/posts\/202813\/revisions\/202815"}],"wp:featuredmedia":[{"embeddable":true,"href":"https:\/\/elluchador.info\/index.php?rest_route=\/wp\/v2\/media\/202814"}],"wp:attachment":[{"href":"https:\/\/elluchador.info\/index.php?rest_route=%2Fwp%2Fv2%2Fmedia&parent=202813"}],"wp:term":[{"taxonomy":"category","embeddable":true,"href":"https:\/\/elluchador.info\/index.php?rest_route=%2Fwp%2Fv2%2Fcategories&post=202813"},{"taxonomy":"post_tag","embeddable":true,"href":"https:\/\/elluchador.info\/index.php?rest_route=%2Fwp%2Fv2%2Ftags&post=202813"}],"curies":[{"name":"wp","href":"https:\/\/api.w.org\/{rel}","templated":true}]}}