{"id":202819,"date":"2021-11-23T19:22:59","date_gmt":"2021-11-23T23:22:59","guid":{"rendered":"https:\/\/elluchador.info\/web\/?p=202819"},"modified":"2021-11-23T19:23:01","modified_gmt":"2021-11-23T23:23:01","slug":"eeuu-ya-no-considera-que-las-farc-como-grupo-de-terroristas","status":"publish","type":"post","link":"https:\/\/elluchador.info\/?p=202819","title":{"rendered":"EEUU ya no considera que las FARC como grupo de terroristas"},"content":{"rendered":"\n<p>La notificaci\u00f3n al Legislativo estadounidense es el paso previo para la retirada de las FARC de la lista de grupos terroristas de Departamento de Estado.<\/p>\n\n\n\n<p>El Gobierno del presidente estadounidense, Joe Biden, retir\u00f3 a la extinta guerrilla colombiana de las FARC de su lista negra de organizaciones terroristas y ha notificado al Congreso de su intenci\u00f3n, confirm\u00f3 este martes a Efe una fuente legislativa.\u00a0<\/p>\n\n\n\n<p>Esa fuente del Congreso explic\u00f3 que\u00a0la notificaci\u00f3n fue recibida este mismo martes, un d\u00eda antes del quinto aniversario de la firma del acuerdo de paz entre el extinto grupo guerrillero y el Gobierno de Juan Manuel Santos (2010-2018).<\/p>\n\n\n\n<p>No existe un plazo fijo para que esa nueva pol\u00edtica entre en vigor, detalla en su web la cartera de Exteriores de EE.UU., que explica que el secretario de Estado, en este caso Antony Blinken, es el m\u00e1ximo responsable de esa resoluci\u00f3n.<\/p>\n\n\n\n<p>Blinken podr\u00eda haber tomado la decisi\u00f3n de manera discrecional o justificarla por dos circunstancias: que las razones que motivaron la designaci\u00f3n terrorista ya no est\u00e1n vigentes o que sacar a ese grupo de la lista negra obedece a los intereses nacionales estadounidenses.<\/p>\n\n\n\n<p>EFE<a href=\"https:\/\/unionradio.net\/detectaron-malaria-entre-venezolanos-que-entraron-por-noroeste-de-guyana\/\"><\/a><\/p>\n","protected":false},"excerpt":{"rendered":"<p>La notificaci\u00f3n al Legislativo estadounidense es el paso previo para la retirada de las FARC de la lista de grupos terroristas de Departamento de Estado. El Gobierno del presidente estadounidense, Joe Biden, retir\u00f3 a la extinta guerrilla colombiana de las FARC de su lista negra de organizaciones terroristas y ha notificado al Congreso de su [&hellip;]<\/p>\n","protected":false},"author":2,"featured_media":202820,"comment_status":"closed","ping_status":"closed","sticky":false,"template":"","format":"standard","meta":{"footnotes":""},"categories":[5,8],"tags":[],"class_list":{"0":"post-202819","1":"post","2":"type-post","3":"status-publish","4":"format-standard","5":"has-post-thumbnail","7":"category-destacado","8":"category-internacionales"},"_links":{"self":[{"href":"https:\/\/elluchador.info\/index.php?rest_route=\/wp\/v2\/posts\/202819","targetHints":{"allow":["GET"]}}],"collection":[{"href":"https:\/\/elluchador.info\/index.php?rest_route=\/wp\/v2\/posts"}],"about":[{"href":"https:\/\/elluchador.info\/index.php?rest_route=\/wp\/v2\/types\/post"}],"author":[{"embeddable":true,"href":"https:\/\/elluchador.info\/index.php?rest_route=\/wp\/v2\/users\/2"}],"replies":[{"embeddable":true,"href":"https:\/\/elluchador.info\/index.php?rest_route=%2Fwp%2Fv2%2Fcomments&post=202819"}],"version-history":[{"count":1,"href":"https:\/\/elluchador.info\/index.php?rest_route=\/wp\/v2\/posts\/202819\/revisions"}],"predecessor-version":[{"id":202821,"href":"https:\/\/elluchador.info\/index.php?rest_route=\/wp\/v2\/posts\/202819\/revisions\/202821"}],"wp:featuredmedia":[{"embeddable":true,"href":"https:\/\/elluchador.info\/index.php?rest_route=\/wp\/v2\/media\/202820"}],"wp:attachment":[{"href":"https:\/\/elluchador.info\/index.php?rest_route=%2Fwp%2Fv2%2Fmedia&parent=202819"}],"wp:term":[{"taxonomy":"category","embeddable":true,"href":"https:\/\/elluchador.info\/index.php?rest_route=%2Fwp%2Fv2%2Fcategories&post=202819"},{"taxonomy":"post_tag","embeddable":true,"href":"https:\/\/elluchador.info\/index.php?rest_route=%2Fwp%2Fv2%2Ftags&post=202819"}],"curies":[{"name":"wp","href":"https:\/\/api.w.org\/{rel}","templated":true}]}}