{"id":202832,"date":"2021-11-23T19:51:11","date_gmt":"2021-11-23T23:51:11","guid":{"rendered":"https:\/\/elluchador.info\/web\/?p=202832"},"modified":"2021-11-23T19:51:13","modified_gmt":"2021-11-23T23:51:13","slug":"atacan-con-bombas-molotov-sede-del-grupo-clarin-de-argentina","status":"publish","type":"post","link":"https:\/\/elluchador.info\/?p=202832","title":{"rendered":"Atacan con bombas molotov sede del Grupo Clar\u00edn de Argentina"},"content":{"rendered":"\n<p>El edificio del Grupo Clar\u00edn, el mayor conglomerado period\u00edstico de Argentina, fue atacado en la noche de este lunes con bombas incendiarias del tipo molotov sin que se registraran v\u00edctimas ni lesiones personales, seg\u00fan denunci\u00f3 un comunicado del Grupo Clar\u00edn este martes, que lamenta y condena el \u201cgrave hecho\u201d.<\/p>\n\n\n\n<p>\u00abLamentamos y condenamos este grave hecho que una primera vista aparece como una expresi\u00f3n violenta de intolerancia contra un medio de comunicaci\u00f3n. Y esperamos su urgente esclarecimiento y sanci\u00f3n\u00bb, dijo el Grupo Clar\u00edn en el texto difundido.<\/p>\n\n\n\n<p>Seg\u00fan a\u00f1adi\u00f3 el diario Clar\u00edn en su web, un grupo de al menos nueve personas encapuchadas arrojaron entre siete y ocho bombas molotov sobre uno de los ingresos del edificio que es sede del diario y del Grupo Clar\u00edn, en el barrio capitalino de Barracas, a las 23.05 hora local de este lunes.<\/p>\n\n\n\n<p>El edificio estaba cerrado. Los artefactos impactaron sobre la vereda y en la puerta del hall de ingreso al edificio de Clar\u00edn, lo que provoc\u00f3 un principio de incendio, seg\u00fan reporta el medio. La dotaci\u00f3n de bomberos que lleg\u00f3 al lugar no alcanz\u00f3 a intervenir porque los focos de incendio se extinguieron solos.<\/p>\n\n\n\n<p>\u201cNo se registraron v\u00edctimas ni lesiones personales\u00bb, resalt\u00f3 el comunicado del Grupo Clar\u00edn.<\/p>\n\n\n\n<p>El comunicado agreg\u00f3 que la empresa \u00abhizo la denuncia correspondiente y el juzgado interviniente est\u00e1 analizando videos y realizando dem\u00e1s tareas investigativas\u00bb.<\/p>\n\n\n\n<p>La investigaci\u00f3n del hecho qued\u00f3 en manos del Juzgado Federal 9, a cargo del juez Luis Rodr\u00edguez, quien caratul\u00f3 la causa como \u201cintimidaci\u00f3n p\u00fablica\u201d, se\u00f1al\u00f3 el medio.<\/p>\n\n\n\n<p><strong>CONDENA DE ADEPA Y FOPEA<\/strong><\/p>\n\n\n\n<p>La Asociaci\u00f3n de Entidades Period\u00edsticas Argentinas (Adepa) difundi\u00f3 un comunicado en el que \u00abcondena en\u00e9rgicamente\u00bb el \u00abataque incendiario\u00bb contra la sede del Grupo Clar\u00edn.<\/p>\n\n\n\n<p>Adepa se\u00f1al\u00f3 que el hecho \u00abes una expresi\u00f3n violenta de intolerancia\u00bb contra un grupo de medios de comunicaci\u00f3n y configura \u00abun grave ataque a la libertad de expresi\u00f3n\u00bb y exigi\u00f3 el \u00abr\u00e1pido esclarecimiento y la sanci\u00f3n\u00bb a sus responsables.<\/p>\n\n\n\n<p>En tanto, el Foro de Periodismo Argentino (Fopea) indic\u00f3 en un comunicado que \u00abrepudia en\u00e9rgicamente\u00bb el \u00abviolento ataque\u00bb.<\/p>\n\n\n\n<p>Fopea advirti\u00f3 sobre la \u00abgravedad de los hechos ocurridos\u00bb, que sum\u00f3 al ataque que en marzo pasado sufri\u00f3 la redacci\u00f3n del diario R\u00edo Negro, y exigi\u00f3 a la Justicia que investigue y condene a los responsables del \u00abflagrante atentado a la libertad de prensa\u00bb.<\/p>\n\n\n\n<p><strong>REPUDIO DEL MINISTRO DE SEGURIDAD<\/strong><\/p>\n\n\n\n<p>El ministro de Seguridad de Argentina, An\u00edbal Fern\u00e1ndez, repudi\u00f3 el ataque al Grupo Clar\u00edn en su cuenta de Twitter.<br>\u00abRepudio el ataque\u00bb en la sede de la calle Piedras, con bombas molotov, producido el lunes por la noche, donde al menos nueve personas encapuchadas arrojaron explosivos a las oficinas, tuite\u00f3 y agreg\u00f3: \u00abConf\u00edo que se identifiquen los autores y se los sancione\u00bb.<\/p>\n\n\n\n<p>El Grupo Clar\u00edn, que mantuvo una disputa p\u00fablica durante la presidencia de Cristina Fern\u00e1ndez de Kirchner (2007-2015), hoy vicepresidenta del Ejecutivo de Alberto Fern\u00e1ndez, es de origen, capital mayoritario y gerenciamiento argentinos y tiene presencia en medios escritos, radio y televisi\u00f3n.<\/p>\n\n\n\n<p>EFE<\/p>\n","protected":false},"excerpt":{"rendered":"<p>El edificio del Grupo Clar\u00edn, el mayor conglomerado period\u00edstico de Argentina, fue atacado en la noche de este lunes con bombas incendiarias del tipo molotov sin que se registraran v\u00edctimas ni lesiones personales, seg\u00fan denunci\u00f3 un comunicado del Grupo Clar\u00edn este martes, que lamenta y condena el \u201cgrave hecho\u201d. \u00abLamentamos y condenamos este grave hecho [&hellip;]<\/p>\n","protected":false},"author":2,"featured_media":202833,"comment_status":"closed","ping_status":"closed","sticky":false,"template":"","format":"standard","meta":{"footnotes":""},"categories":[5,8],"tags":[],"class_list":{"0":"post-202832","1":"post","2":"type-post","3":"status-publish","4":"format-standard","5":"has-post-thumbnail","7":"category-destacado","8":"category-internacionales"},"_links":{"self":[{"href":"https:\/\/elluchador.info\/index.php?rest_route=\/wp\/v2\/posts\/202832","targetHints":{"allow":["GET"]}}],"collection":[{"href":"https:\/\/elluchador.info\/index.php?rest_route=\/wp\/v2\/posts"}],"about":[{"href":"https:\/\/elluchador.info\/index.php?rest_route=\/wp\/v2\/types\/post"}],"author":[{"embeddable":true,"href":"https:\/\/elluchador.info\/index.php?rest_route=\/wp\/v2\/users\/2"}],"replies":[{"embeddable":true,"href":"https:\/\/elluchador.info\/index.php?rest_route=%2Fwp%2Fv2%2Fcomments&post=202832"}],"version-history":[{"count":1,"href":"https:\/\/elluchador.info\/index.php?rest_route=\/wp\/v2\/posts\/202832\/revisions"}],"predecessor-version":[{"id":202834,"href":"https:\/\/elluchador.info\/index.php?rest_route=\/wp\/v2\/posts\/202832\/revisions\/202834"}],"wp:featuredmedia":[{"embeddable":true,"href":"https:\/\/elluchador.info\/index.php?rest_route=\/wp\/v2\/media\/202833"}],"wp:attachment":[{"href":"https:\/\/elluchador.info\/index.php?rest_route=%2Fwp%2Fv2%2Fmedia&parent=202832"}],"wp:term":[{"taxonomy":"category","embeddable":true,"href":"https:\/\/elluchador.info\/index.php?rest_route=%2Fwp%2Fv2%2Fcategories&post=202832"},{"taxonomy":"post_tag","embeddable":true,"href":"https:\/\/elluchador.info\/index.php?rest_route=%2Fwp%2Fv2%2Ftags&post=202832"}],"curies":[{"name":"wp","href":"https:\/\/api.w.org\/{rel}","templated":true}]}}