{"id":202855,"date":"2021-11-24T11:03:28","date_gmt":"2021-11-24T15:03:28","guid":{"rendered":"https:\/\/elluchador.info\/web\/?p=202855"},"modified":"2021-11-24T11:03:30","modified_gmt":"2021-11-24T15:03:30","slug":"sistema-de-orquestas-nucleo-ciudad-bolivar-forma-a-bolivarenses-desde-hace-44-anos","status":"publish","type":"post","link":"https:\/\/elluchador.info\/?p=202855","title":{"rendered":"Sistema de Orquestas N\u00facleo Ciudad Bol\u00edvar forma a bolivarenses desde hace 44 a\u00f1os"},"content":{"rendered":"\n<p><em>*** Este proyecto que se ha convertido en la c\u00e9dula de identidad de los venezolanos, ha logrado dejar huellas en m\u00e1s de 4 generaciones promoviendo la inclusi\u00f3n y los valores en la sociedad.<\/em><\/p>\n\n\n\n<p>Hace 44 a\u00f1os, naci\u00f3 en el pa\u00eds este proyecto ideado por el Maestro Jos\u00e9 Antonio Abreu, el Sistema de Orquestas que llegar\u00eda hasta los lugares m\u00e1s rec\u00f3nditos del pa\u00eds, para darle a los ni\u00f1os que no ten\u00edan acceso a la m\u00fasica cl\u00e1sica o a comprar un instrumento musical la oportunidad de cambiar su vida, de tener una opci\u00f3n m\u00e1s a los estudios tradicionales.<\/p>\n\n\n\n<p>Venezuela entera vibr\u00f3 de alegr\u00eda este s\u00e1bado cuando la organizaci\u00f3n Record Guinnes concedi\u00f3 al sistema de Orquestas, la categor\u00eda&nbsp; como la Orquesta m\u00e1s grande del mundo al realizar una presentaci\u00f3n el pasado 13 de noviembre con m\u00e1s de 8.500 m\u00fasicos cada uno con un instrumento. Del n\u00facleo Ciudad Bol\u00edvar asistieron 55 ni\u00f1os, ni\u00f1as y j\u00f3venes llenos de entusiasmo e ilusi\u00f3n por representar a la capital bolivarense.<\/p>\n\n\n\n<p>Es por ello, que El Luchador quiso mostrar algunas caras que representan a los m\u00fasicos de la ciudad, y el trabajo maravilloso y disciplinado que realizan y el equipo de profesores, voluntarios quienes los acompa\u00f1an haciendo historia para lograr la inclusi\u00f3n cada d\u00eda de m\u00e1s personas.<\/p>\n\n\n\n<p>Dino Pronio, es director del Sistema de Orquestas N\u00facleo Ciudad Bol\u00edvar, desde el a\u00f1o 2003. \u201cCuando llegu\u00e9 la sede estaba en el Casco Hist\u00f3rico y tuvimos la oportunidad de trasladarnos a los espacios del Centro Cultural Angostura, en la Gesti\u00f3n del gobernador Francisco Rangel G\u00f3mez\u201d.<\/p>\n\n\n\n<figure class=\"wp-block-image size-full is-resized\"><img loading=\"lazy\" decoding=\"async\" src=\"https:\/\/elluchador.info\/web\/wp-content\/uploads\/2021\/11\/85cc50a1-0037-486d-a758-19dad49285c5.jpg\" alt=\"\" class=\"wp-image-202857\" width=\"494\" height=\"760\" srcset=\"https:\/\/elluchador.info\/wp-content\/uploads\/2021\/11\/85cc50a1-0037-486d-a758-19dad49285c5.jpg 494w, https:\/\/elluchador.info\/wp-content\/uploads\/2021\/11\/85cc50a1-0037-486d-a758-19dad49285c5-195x300.jpg 195w, https:\/\/elluchador.info\/wp-content\/uploads\/2021\/11\/85cc50a1-0037-486d-a758-19dad49285c5-273x420.jpg 273w\" sizes=\"auto, (max-width: 494px) 100vw, 494px\" \/><figcaption> Dino Pronio, director del Sistema de Orquestas N\u00facleo Ciudad Bol\u00edvar <\/figcaption><\/figure>\n\n\n\n<p>Pronio es miembro del Sistema desde su instalaci\u00f3n el 1 de mayo de 1977, cuando el propio Maestro Abreu apertur\u00f3 este n\u00facleo como el primero en todo el oriente del pa\u00eds. Record\u00f3 que ha visto pasar una generaci\u00f3n de m\u00fasicos, algunos est\u00e1n fuera del pa\u00eds, repartidos en varios pa\u00edses de Latinoam\u00e9rica,&nbsp; a quienes les augura \u00e9xitos.<\/p>\n\n\n\n<p>La directora de la Orquesta Sinf\u00f3nica infantil de Ciudad Bol\u00edvar, Carmiris Flores, entr\u00f3 a estudiar desde muy ni\u00f1a, hoy tiene 20 a\u00f1os en el sistema. Los \u00faltimos tres a\u00f1os asumi\u00f3 este cargo en la orquesta, \u201cgracias a esto hemos podido lograr la inclusi\u00f3n de muchos ni\u00f1os, hemos hecho una gran labor con el equipo administrativo\u201d.<\/p>\n\n\n\n<figure class=\"wp-block-image size-full\"><img loading=\"lazy\" decoding=\"async\" width=\"498\" height=\"884\" src=\"https:\/\/elluchador.info\/web\/wp-content\/uploads\/2021\/11\/861564de-8880-4526-b391-28d6e61279e0.jpg\" alt=\"\" class=\"wp-image-202861\" srcset=\"https:\/\/elluchador.info\/wp-content\/uploads\/2021\/11\/861564de-8880-4526-b391-28d6e61279e0.jpg 498w, https:\/\/elluchador.info\/wp-content\/uploads\/2021\/11\/861564de-8880-4526-b391-28d6e61279e0-169x300.jpg 169w, https:\/\/elluchador.info\/wp-content\/uploads\/2021\/11\/861564de-8880-4526-b391-28d6e61279e0-237x420.jpg 237w\" sizes=\"auto, (max-width: 498px) 100vw, 498px\" \/><figcaption><em>Carmiris Flores<\/em>, directora de la Orquesta Sinf\u00f3nica infantil de Ciudad Bol\u00edvar<\/figcaption><\/figure>\n\n\n\n<p>Esta ha sido una gran experiencia, \u201ces una gran satisfacci\u00f3n por ejemplo haber montado la Marcha Slava cuando a veces, los pies de nuestros ni\u00f1os ni siquiera tocan el piso\u201d.<\/p>\n\n\n\n<p><strong>Un gran equipo de profesores<\/strong><\/p>\n\n\n\n<p>El proceso educativo, inicia a partir de los 7 a\u00f1os de edad cuando ya los ni\u00f1os saben leer y escribir con estudios de lenguaje musical, el n\u00facleo tiene Orquesta juvenil, infantil y preinfantil y Coro juvenil, infantil y preinfantil; tienen orquestas de flautas y ensambles de flautas.<\/p>\n\n\n\n<p>El profesor Bruno L\u00f3pez, instructor de la c\u00e1tedra de Corno, inici\u00f3 en la Orquesta en el a\u00f1o 1985, fecha en la cual inici\u00f3 entrenamiento con Alberto Porras y Juan Jos\u00e9 Verdi, instructor de Corno, luego qued\u00f3 como instructor monitor viajando a varios n\u00facleos. \u201cEl legado del sistema es sacar a los ni\u00f1os de la calle, que vivan en una sociedad con valores, donde no tengan tanto ocio. Tengo alumnos en el interior del pa\u00eds y en el exterior\u201d.<\/p>\n\n\n\n<p>El modelo de ense\u00f1anza puesto en marcha por Abreu deja huellas tanto en los estudiantes,&nbsp; como en los docentes, a L\u00f3pez le gusta ense\u00f1ar, agradece el conocimiento adquirido desde el sistema, para m\u00ed lo m\u00e1s importante es dar todo por los alumnos, aumentar su calidad y formaci\u00f3n\u201d, expres\u00f3.<\/p>\n\n\n\n<p><strong>Inclusi\u00f3n y sue\u00f1os<\/strong><\/p>\n\n\n\n<p>Wilker Castellanos, segundo viol\u00edn,\u00a0 cumplir\u00e1 6 a\u00f1os en diciembre como miembro de la Orquesta, manifiesta que su sue\u00f1o siempre ha sido ser director de Orquesta, \u201cMi familia est\u00e1 orgullosa de quien soy hoy en d\u00eda, le agradezco mucho por sus ense\u00f1anzas a la profesora Carmiris Flores.<\/p>\n\n\n\n<figure class=\"wp-block-image size-full\"><img loading=\"lazy\" decoding=\"async\" width=\"496\" height=\"710\" src=\"https:\/\/elluchador.info\/web\/wp-content\/uploads\/2021\/11\/50c72499-8c23-43f8-a669-c61eaa6f1d4d.jpg\" alt=\"\" class=\"wp-image-202858\" srcset=\"https:\/\/elluchador.info\/wp-content\/uploads\/2021\/11\/50c72499-8c23-43f8-a669-c61eaa6f1d4d.jpg 496w, https:\/\/elluchador.info\/wp-content\/uploads\/2021\/11\/50c72499-8c23-43f8-a669-c61eaa6f1d4d-210x300.jpg 210w, https:\/\/elluchador.info\/wp-content\/uploads\/2021\/11\/50c72499-8c23-43f8-a669-c61eaa6f1d4d-293x420.jpg 293w\" sizes=\"auto, (max-width: 496px) 100vw, 496px\" \/><figcaption> Wilker Castellanos, segundo viol\u00edn de la Orquesta Infantil<\/figcaption><\/figure>\n\n\n\n<p>Cont\u00f3 que a la hora de elegir el instrumento que marcar\u00eda su papel en la Orquesta fue muy dif\u00edcil la elecci\u00f3n porque los quer\u00eda todos, sin embargo se decidi\u00f3 por el viol\u00edn y cree que ha sido la mejor decisi\u00f3n de su vida.<\/p>\n\n\n\n<p>Por su parte, Miker de Jesus P\u00e9rez Villasana, primer viol\u00edn, indica que para \u00e9l significa mucho pertenecer a la Orquesta, su familia opina que es bueno pertenecer a la orquesta. Cont\u00f3 que tuvo que superar el miedo a\u00a0 cambiar las cuerdas del viol\u00edn porque se le part\u00edan frecuentemente. \u201cEstaba aprendiendo a montar las cuerdas solo hasta que Brian Flemming mi director de la Preinfantil me ense\u00f1\u00f3\u201d.<\/p>\n\n\n\n<figure class=\"wp-block-image size-full\"><img loading=\"lazy\" decoding=\"async\" width=\"498\" height=\"715\" src=\"https:\/\/elluchador.info\/web\/wp-content\/uploads\/2021\/11\/4b3ea517-3113-4ae7-8238-51cfa5f825e9.jpg\" alt=\"\" class=\"wp-image-202859\" srcset=\"https:\/\/elluchador.info\/wp-content\/uploads\/2021\/11\/4b3ea517-3113-4ae7-8238-51cfa5f825e9.jpg 498w, https:\/\/elluchador.info\/wp-content\/uploads\/2021\/11\/4b3ea517-3113-4ae7-8238-51cfa5f825e9-209x300.jpg 209w, https:\/\/elluchador.info\/wp-content\/uploads\/2021\/11\/4b3ea517-3113-4ae7-8238-51cfa5f825e9-293x420.jpg 293w\" sizes=\"auto, (max-width: 498px) 100vw, 498px\" \/><figcaption> Miker de Jesus P\u00e9rez Villasana, primer viol\u00edn de la Orquesta Infantil<\/figcaption><\/figure>\n\n\n\n<p>Soana Parra, toca la flauta transversa en la Orquesta, desde hace 4 a\u00f1os. \u201cLa m\u00fasica es una terapia, un hobbie, donde me siento bien y puedo mejorar cada d\u00eda. Puedo representar a mi pa\u00eds con la m\u00fasica. Agradezco a mis profesores y familia quienes me acompa\u00f1an en cada paso que doy, son mi m\u00e1s grande inspiraci\u00f3n.<\/p>\n\n\n\n<figure class=\"wp-block-image size-full\"><img loading=\"lazy\" decoding=\"async\" width=\"496\" height=\"882\" src=\"https:\/\/elluchador.info\/web\/wp-content\/uploads\/2021\/11\/8bc9025d-8d52-4505-a7d9-0749b01f5bbf.jpg\" alt=\"\" class=\"wp-image-202860\" srcset=\"https:\/\/elluchador.info\/wp-content\/uploads\/2021\/11\/8bc9025d-8d52-4505-a7d9-0749b01f5bbf.jpg 496w, https:\/\/elluchador.info\/wp-content\/uploads\/2021\/11\/8bc9025d-8d52-4505-a7d9-0749b01f5bbf-169x300.jpg 169w, https:\/\/elluchador.info\/wp-content\/uploads\/2021\/11\/8bc9025d-8d52-4505-a7d9-0749b01f5bbf-236x420.jpg 236w\" sizes=\"auto, (max-width: 496px) 100vw, 496px\" \/><figcaption> Soana Parra, toca la flauta transversa en la Orquesta <\/figcaption><\/figure>\n\n\n\n<p>Soana destaca que todos los d\u00edas son de compa\u00f1erismo, a pesar del trabajo y la responsabilidad que significa pertenecer a la orquesta, no he perdido nada al dedicarle tantas horas.<\/p>\n\n\n\n<p>Anamarina Maza, expres\u00f3 que el sistema es una maravillosa idea del Maestro Jos\u00e9 Antonio Abreu, \u201cllegu\u00e9 a la Orquesta por un experimento, y mi sue\u00f1o es llegar a la juvenil y si puedo ser directora para ense\u00f1ar a m\u00e1s ni\u00f1os y j\u00f3venes como me formaron a m\u00ed\u201d.<\/p>\n\n\n\n<p>&nbsp;Se requiere bastante disciplina, pero el ambiente en la orquesta tambi\u00e9n se presta para la camarader\u00eda y momentos divertidos. Recibe un gran apoyo familiar sobre todo cuando tiene presentaciones o recientemente el Concierto para lograr el Record Guinnes como la Orquesta m\u00e1s grande del mundo, \u201csiempre les encanta que les toque el viol\u00edn en casa\u201d.<\/p>\n\n\n\n<p>Como parte del sistema, Andr\u00e9s Eloy Maza Colmenares,&nbsp; desde el 2007 se ha incorpor\u00f3&nbsp; como voluntario al trabajo y proyecci\u00f3n del sistema y el n\u00facleo Ciudad Bol\u00edvar, adem\u00e1s de ser el orgulloso padre de Anamarina, destac\u00f3 que el crecimiento de su hija ha sido exponencial desde que se integr\u00f3 a la orquesta, \u201cAl maestro Abreu agradecido por la oportunidad que nos ha dado de vivir este proyecto, a quienes mantienen su legado les pido que lo hagan con el amor que lo hizo \u00e9l toda su vida\u201d.<\/p>\n\n\n\n<p>Maza signific\u00f3 que el sistema es un proyecto in\u00e9dito,&nbsp; la c\u00e9dula de identidad del venezolano y motivo de orgullo para todos los venezolanos.<\/p>\n\n\n\n<p>\u201cEl n\u00facleo de Ciudad Bol\u00edvar es hermoso, tenemos profesores de gran calidad, cada d\u00eda vamos creciendo m\u00e1s no s\u00f3lo en cantidad sino en calidad, nuestros m\u00fasicos que nos representan en el exterior dejan en alto el nombre de Ciudad Bol\u00edvar,\u00a0 agradezco al maestro Jos\u00e9 Antonio Abreu y a Dino Pronio por su gesti\u00f3n al frente de la Orquesta.<\/p>\n\n\n\n<p><strong>Gabriela Simosa<\/strong><\/p>\n","protected":false},"excerpt":{"rendered":"<p>*** Este proyecto que se ha convertido en la c\u00e9dula de identidad de los venezolanos, ha logrado dejar huellas en m\u00e1s de 4 generaciones promoviendo la inclusi\u00f3n y los valores en la sociedad. Hace 44 a\u00f1os, naci\u00f3 en el pa\u00eds este proyecto ideado por el Maestro Jos\u00e9 Antonio Abreu, el Sistema de Orquestas que llegar\u00eda [&hellip;]<\/p>\n","protected":false},"author":2,"featured_media":202856,"comment_status":"closed","ping_status":"closed","sticky":false,"template":"","format":"standard","meta":{"footnotes":""},"categories":[5,12],"tags":[],"class_list":{"0":"post-202855","1":"post","2":"type-post","3":"status-publish","4":"format-standard","5":"has-post-thumbnail","7":"category-destacado","8":"category-regionales"},"_links":{"self":[{"href":"https:\/\/elluchador.info\/index.php?rest_route=\/wp\/v2\/posts\/202855","targetHints":{"allow":["GET"]}}],"collection":[{"href":"https:\/\/elluchador.info\/index.php?rest_route=\/wp\/v2\/posts"}],"about":[{"href":"https:\/\/elluchador.info\/index.php?rest_route=\/wp\/v2\/types\/post"}],"author":[{"embeddable":true,"href":"https:\/\/elluchador.info\/index.php?rest_route=\/wp\/v2\/users\/2"}],"replies":[{"embeddable":true,"href":"https:\/\/elluchador.info\/index.php?rest_route=%2Fwp%2Fv2%2Fcomments&post=202855"}],"version-history":[{"count":1,"href":"https:\/\/elluchador.info\/index.php?rest_route=\/wp\/v2\/posts\/202855\/revisions"}],"predecessor-version":[{"id":202862,"href":"https:\/\/elluchador.info\/index.php?rest_route=\/wp\/v2\/posts\/202855\/revisions\/202862"}],"wp:featuredmedia":[{"embeddable":true,"href":"https:\/\/elluchador.info\/index.php?rest_route=\/wp\/v2\/media\/202856"}],"wp:attachment":[{"href":"https:\/\/elluchador.info\/index.php?rest_route=%2Fwp%2Fv2%2Fmedia&parent=202855"}],"wp:term":[{"taxonomy":"category","embeddable":true,"href":"https:\/\/elluchador.info\/index.php?rest_route=%2Fwp%2Fv2%2Fcategories&post=202855"},{"taxonomy":"post_tag","embeddable":true,"href":"https:\/\/elluchador.info\/index.php?rest_route=%2Fwp%2Fv2%2Ftags&post=202855"}],"curies":[{"name":"wp","href":"https:\/\/api.w.org\/{rel}","templated":true}]}}