{"id":202867,"date":"2021-11-24T11:33:50","date_gmt":"2021-11-24T15:33:50","guid":{"rendered":"https:\/\/elluchador.info\/web\/?p=202867"},"modified":"2021-11-24T11:33:53","modified_gmt":"2021-11-24T15:33:53","slug":"suecia-elige-por-primera-vez-a-una-mujer-como-premier","status":"publish","type":"post","link":"https:\/\/elluchador.info\/?p=202867","title":{"rendered":"Suecia elige por primera vez a una mujer como premier"},"content":{"rendered":"\n<p>El Parlamento sueco eligi\u00f3 hoy mi\u00e9rcoles a Magdalena Andersson como la nueva primera ministra del pa\u00eds, lo que la convierte en la primera mujer en ejercer dicho cargo en la historia del pa\u00eds n\u00f3rdico, con menos de la mitad de los parlamentarios votando en su contra.<\/p>\n\n\n\n<p>Bajo el sistema de parlamentarismo negativo de Suecia, un candidato a primer ministro no necesita una mayor\u00eda a su favor, siempre que la mayor\u00eda no vote en su contra.<\/p>\n\n\n\n<p>Con las abstenciones del Partido del Centro y del Partido de la Izquierda, 174 miembros votaron en contra de Andersson, de un total de 349 votos emitidos.<\/p>\n\n\n\n<p>En una conferencia de prensa en el Parlamento, Andersson dijo que \u00abpuede vivir con\u00bb la propuesta de presupuesto de la oposici\u00f3n si esta se aprueba m\u00e1s adelante este mismo d\u00eda.<\/p>\n\n\n\n<p>Andersson, que tiene previsto presentar su Gobierno el viernes, hab\u00eda enumerado anteriormente varias prioridades, entre ellas el alejamiento de la privatizaci\u00f3n del sector de la asistencia social, el fortalecimiento de las pol\u00edticas ecol\u00f3gicas y la integraci\u00f3n social.<\/p>\n\n\n\n<p>Las pr\u00f3ximas elecciones generales de Suecia est\u00e1n programadas para septiembre de 2022, lo que le da a Andersson menos de diez meses para preparar la carrera.<\/p>\n\n\n\n<p><strong>Xinhua<\/strong><\/p>\n","protected":false},"excerpt":{"rendered":"<p>El Parlamento sueco eligi\u00f3 hoy mi\u00e9rcoles a Magdalena Andersson como la nueva primera ministra del pa\u00eds, lo que la convierte en la primera mujer en ejercer dicho cargo en la historia del pa\u00eds n\u00f3rdico, con menos de la mitad de los parlamentarios votando en su contra. Bajo el sistema de parlamentarismo negativo de Suecia, un [&hellip;]<\/p>\n","protected":false},"author":2,"featured_media":202868,"comment_status":"closed","ping_status":"closed","sticky":false,"template":"","format":"standard","meta":{"footnotes":""},"categories":[8],"tags":[],"class_list":{"0":"post-202867","1":"post","2":"type-post","3":"status-publish","4":"format-standard","5":"has-post-thumbnail","7":"category-internacionales"},"_links":{"self":[{"href":"https:\/\/elluchador.info\/index.php?rest_route=\/wp\/v2\/posts\/202867","targetHints":{"allow":["GET"]}}],"collection":[{"href":"https:\/\/elluchador.info\/index.php?rest_route=\/wp\/v2\/posts"}],"about":[{"href":"https:\/\/elluchador.info\/index.php?rest_route=\/wp\/v2\/types\/post"}],"author":[{"embeddable":true,"href":"https:\/\/elluchador.info\/index.php?rest_route=\/wp\/v2\/users\/2"}],"replies":[{"embeddable":true,"href":"https:\/\/elluchador.info\/index.php?rest_route=%2Fwp%2Fv2%2Fcomments&post=202867"}],"version-history":[{"count":1,"href":"https:\/\/elluchador.info\/index.php?rest_route=\/wp\/v2\/posts\/202867\/revisions"}],"predecessor-version":[{"id":202869,"href":"https:\/\/elluchador.info\/index.php?rest_route=\/wp\/v2\/posts\/202867\/revisions\/202869"}],"wp:featuredmedia":[{"embeddable":true,"href":"https:\/\/elluchador.info\/index.php?rest_route=\/wp\/v2\/media\/202868"}],"wp:attachment":[{"href":"https:\/\/elluchador.info\/index.php?rest_route=%2Fwp%2Fv2%2Fmedia&parent=202867"}],"wp:term":[{"taxonomy":"category","embeddable":true,"href":"https:\/\/elluchador.info\/index.php?rest_route=%2Fwp%2Fv2%2Fcategories&post=202867"},{"taxonomy":"post_tag","embeddable":true,"href":"https:\/\/elluchador.info\/index.php?rest_route=%2Fwp%2Fv2%2Ftags&post=202867"}],"curies":[{"name":"wp","href":"https:\/\/api.w.org\/{rel}","templated":true}]}}