{"id":202880,"date":"2021-11-24T15:31:10","date_gmt":"2021-11-24T19:31:10","guid":{"rendered":"https:\/\/elluchador.info\/web\/?p=202880"},"modified":"2021-11-24T15:31:11","modified_gmt":"2021-11-24T19:31:11","slug":"yulisbeth-garcia-proclamada-por-segunda-vez-alcaldesa-del-municipio-piar","status":"publish","type":"post","link":"https:\/\/elluchador.info\/?p=202880","title":{"rendered":"Yulisbeth Garc\u00eda proclamada por segunda vez alcaldesa del municipio Piar"},"content":{"rendered":"\n<p>Un calor revolucionario de pueblo acompa\u00f1\u00f3 a Yulisbeth Josefina Garc\u00eda Gonz\u00e1lez, este mi\u00e9rcoles a la proclamaci\u00f3n por parte de Junta electoral Municipal de Piar, Santiago Mari\u00f1o, como alcaldesa por segunda vez del municipio Piar, para el periodo constitucional 2021-2025, acto que cont\u00f3 con la presencia de los concejales electos de la C\u00e1mara Municipal y diputados, empresarios,&nbsp; organismos de seguridad (GNB, Polic\u00eda Municipal y Estadal, Cicpc), autoridades gubernamentales, consejos comunales, CLAP, UBCH, Comunas, GPP, entre otros seguidores.<\/p>\n\n\n\n<p>La alcaldesa en su discurso agradeci\u00f3 a Dios, porque el hace posible todas las cosas y permitirle recibir el credencial como alcaldesa reelecta del municipio, \u201ctambi\u00e9n a ese pueblo noble y valiente, el cual nunca me dej\u00f3 sola, a mis hijos por su comprensi\u00f3n ante tantos momentos de ausencia, a las parroquias de EL Pao y EL Manteco, en lo largo y ancho de la historia pol\u00edtica por octava vez un alcalde ha sido relecto en el municipio, y por primera vez una mujer reelecta en Piar, una mujer que viene de la parroquia Andr\u00e9s Eloy Blanco de El Pao. luchando con mucho esfuerzo y sacrificio\u201d.<\/p>\n\n\n\n<p>Tambi\u00e9n en su intervenci\u00f3n agradeci\u00f3 a la Revoluci\u00f3n Bolivariana Hugo Ch\u00e1vez, al presidente obrero Nicol\u00e1s Maduro, al gobernador \u00c1ngel Marcano, y especialmente al pueblo piarense por haber confiado la responsabilidad de ser por segunda vez, alcaldesa del municipio Piar.<\/p>\n\n\n\n<p><strong>\u201cSeguir\u00e9 trabajando en beneficio de los pobladores\u201d<\/strong><\/p>\n\n\n\n<p>De igual forma, la autoridad municipal resalt\u00f3 que continuar\u00e1 trabajando de manera incesante en beneficio de los pobladores, \u201clo que tenga que corregir y mejorar, as\u00ed lo har\u00e9, agradezco a todo el pueblo por su humildad, honor, lealtad y por no dejarme sola, hoy marcamos la historia de los humildes, leales y que creemos en un Dios puro y perfecto, grandes cosas est\u00e1n por venir, vamos a convertir el municipio Piar, en una ciudad en potencia, as\u00ed como lo so\u00f1amos\u201d.&nbsp;<\/p>\n\n\n\n<p>Continu\u00f3 en su discurso, sobre el compromiso que tiene con el pueblo, los sectores rurales, El Pao y El Manteco, \u201cme falta ir a donde no estuve, y all\u00ed dar\u00e9 respuestas, agradezco al PSUV, UBCH, Consejos Comunales, Comunas, motorizados, educadores, sectores sociales, amas de casas, a las Iglesias Cristianas, GPP y hombres trabajadores, por esta oportunidad, les juro que no los defraudar\u00e9, seguir\u00e9 dando continuidad a tantas obras que no alcance realizar, continuar\u00e9 trabajando de la mano del gobernador \u00c1ngel Marcano, en la consolidaci\u00f3n de un municipio en potencia\u201d.<\/p>\n\n\n\n<p><strong>Upata<\/strong><\/p>\n","protected":false},"excerpt":{"rendered":"<p>Un calor revolucionario de pueblo acompa\u00f1\u00f3 a Yulisbeth Josefina Garc\u00eda Gonz\u00e1lez, este mi\u00e9rcoles a la proclamaci\u00f3n por parte de Junta electoral Municipal de Piar, Santiago Mari\u00f1o, como alcaldesa por segunda vez del municipio Piar, para el periodo constitucional 2021-2025, acto que cont\u00f3 con la presencia de los concejales electos de la C\u00e1mara Municipal y diputados, [&hellip;]<\/p>\n","protected":false},"author":2,"featured_media":202881,"comment_status":"closed","ping_status":"closed","sticky":false,"template":"","format":"standard","meta":{"footnotes":""},"categories":[12],"tags":[],"class_list":{"0":"post-202880","1":"post","2":"type-post","3":"status-publish","4":"format-standard","5":"has-post-thumbnail","7":"category-regionales"},"_links":{"self":[{"href":"https:\/\/elluchador.info\/index.php?rest_route=\/wp\/v2\/posts\/202880","targetHints":{"allow":["GET"]}}],"collection":[{"href":"https:\/\/elluchador.info\/index.php?rest_route=\/wp\/v2\/posts"}],"about":[{"href":"https:\/\/elluchador.info\/index.php?rest_route=\/wp\/v2\/types\/post"}],"author":[{"embeddable":true,"href":"https:\/\/elluchador.info\/index.php?rest_route=\/wp\/v2\/users\/2"}],"replies":[{"embeddable":true,"href":"https:\/\/elluchador.info\/index.php?rest_route=%2Fwp%2Fv2%2Fcomments&post=202880"}],"version-history":[{"count":1,"href":"https:\/\/elluchador.info\/index.php?rest_route=\/wp\/v2\/posts\/202880\/revisions"}],"predecessor-version":[{"id":202882,"href":"https:\/\/elluchador.info\/index.php?rest_route=\/wp\/v2\/posts\/202880\/revisions\/202882"}],"wp:featuredmedia":[{"embeddable":true,"href":"https:\/\/elluchador.info\/index.php?rest_route=\/wp\/v2\/media\/202881"}],"wp:attachment":[{"href":"https:\/\/elluchador.info\/index.php?rest_route=%2Fwp%2Fv2%2Fmedia&parent=202880"}],"wp:term":[{"taxonomy":"category","embeddable":true,"href":"https:\/\/elluchador.info\/index.php?rest_route=%2Fwp%2Fv2%2Fcategories&post=202880"},{"taxonomy":"post_tag","embeddable":true,"href":"https:\/\/elluchador.info\/index.php?rest_route=%2Fwp%2Fv2%2Ftags&post=202880"}],"curies":[{"name":"wp","href":"https:\/\/api.w.org\/{rel}","templated":true}]}}