{"id":202910,"date":"2021-11-24T16:55:58","date_gmt":"2021-11-24T20:55:58","guid":{"rendered":"https:\/\/elluchador.info\/web\/?p=202910"},"modified":"2021-11-24T16:56:00","modified_gmt":"2021-11-24T20:56:00","slug":"plan-vuelta-la-patria-trae-a-249-venezolanos-de-peru","status":"publish","type":"post","link":"https:\/\/elluchador.info\/?p=202910","title":{"rendered":"Plan Vuelta la Patria trae a 249 venezolanos de Per\u00fa"},"content":{"rendered":"\n<p>&nbsp;La Canciller\u00eda inform\u00f3 en sus redes sociales que arribaron al pa\u00eds unos 249 venezolanos con el Plan Vuelta a la Patria.<\/p>\n\n\n\n<p>El vuelo, que pertenece a la aerol\u00ednea Conviasa, parti\u00f3 de la ciudad de Lima en Per\u00fa y lleg\u00f3 al Aeropuerto Internacional Sim\u00f3n Bol\u00edvar de Maiquet\u00eda.<\/p>\n\n\n\n<figure class=\"wp-block-embed is-type-rich is-provider-twitter wp-block-embed-twitter\"><div class=\"wp-block-embed__wrapper\">\n<blockquote class=\"twitter-tweet\" data-width=\"550\" data-dnt=\"true\"><p lang=\"es\" dir=\"ltr\"><a href=\"https:\/\/twitter.com\/hashtag\/EnFotos?src=hash&amp;ref_src=twsrc%5Etfw\">#EnFotos<\/a> \ud83d\udcf8 | La madrugada de este mi\u00e9rcoles <a href=\"https:\/\/twitter.com\/hashtag\/24Nov?src=hash&amp;ref_src=twsrc%5Etfw\">#24Nov<\/a>, arrib\u00f3 al Aeropuerto Internacional Sim\u00f3n Bol\u00edvar, vuelo de <a href=\"https:\/\/twitter.com\/LAConviasa?ref_src=twsrc%5Etfw\">@LAConviasa<\/a> procedente de <a href=\"https:\/\/twitter.com\/hashtag\/Lima?src=hash&amp;ref_src=twsrc%5Etfw\">#Lima<\/a> \ud83c\uddf5\ud83c\uddea con 249 connacionales, en una nueva jornada del <a href=\"https:\/\/twitter.com\/hashtag\/PlanVueltaALaPatria?src=hash&amp;ref_src=twsrc%5Etfw\">#PlanVueltaALaPatria<\/a>. <a href=\"https:\/\/t.co\/C4UF9UwhHm\">pic.twitter.com\/C4UF9UwhHm<\/a><\/p>&mdash; Canciller\u00eda Venezuela \ud83c\uddfb\ud83c\uddea (@CancilleriaVE) <a href=\"https:\/\/twitter.com\/CancilleriaVE\/status\/1463495156775231495?ref_src=twsrc%5Etfw\">November 24, 2021<\/a><\/blockquote><script async src=\"https:\/\/platform.twitter.com\/widgets.js\" charset=\"utf-8\"><\/script>\n<\/div><\/figure>\n\n\n\n<p>En una nota de prensa difundida por el Ministerio de Relaciones Exteriores se detalla que en el avi\u00f3n viajaban 26 adultos mayores, 88 ni\u00f1os, ni\u00f1as y adolescentes, 135 adultos, 13 tripulantes de cabina y 7 servidores p\u00fablicos del ministerio.\u00a0<\/p>\n\n\n\n<p>Uni\u00f3n Radio <\/p>\n","protected":false},"excerpt":{"rendered":"<p>&nbsp;La Canciller\u00eda inform\u00f3 en sus redes sociales que arribaron al pa\u00eds unos 249 venezolanos con el Plan Vuelta a la Patria. El vuelo, que pertenece a la aerol\u00ednea Conviasa, parti\u00f3 de la ciudad de Lima en Per\u00fa y lleg\u00f3 al Aeropuerto Internacional Sim\u00f3n Bol\u00edvar de Maiquet\u00eda. En una nota de prensa difundida por el Ministerio [&hellip;]<\/p>\n","protected":false},"author":2,"featured_media":202911,"comment_status":"closed","ping_status":"closed","sticky":false,"template":"","format":"standard","meta":{"footnotes":""},"categories":[5,9],"tags":[],"class_list":{"0":"post-202910","1":"post","2":"type-post","3":"status-publish","4":"format-standard","5":"has-post-thumbnail","7":"category-destacado","8":"category-nacionales"},"_links":{"self":[{"href":"https:\/\/elluchador.info\/index.php?rest_route=\/wp\/v2\/posts\/202910","targetHints":{"allow":["GET"]}}],"collection":[{"href":"https:\/\/elluchador.info\/index.php?rest_route=\/wp\/v2\/posts"}],"about":[{"href":"https:\/\/elluchador.info\/index.php?rest_route=\/wp\/v2\/types\/post"}],"author":[{"embeddable":true,"href":"https:\/\/elluchador.info\/index.php?rest_route=\/wp\/v2\/users\/2"}],"replies":[{"embeddable":true,"href":"https:\/\/elluchador.info\/index.php?rest_route=%2Fwp%2Fv2%2Fcomments&post=202910"}],"version-history":[{"count":1,"href":"https:\/\/elluchador.info\/index.php?rest_route=\/wp\/v2\/posts\/202910\/revisions"}],"predecessor-version":[{"id":202912,"href":"https:\/\/elluchador.info\/index.php?rest_route=\/wp\/v2\/posts\/202910\/revisions\/202912"}],"wp:featuredmedia":[{"embeddable":true,"href":"https:\/\/elluchador.info\/index.php?rest_route=\/wp\/v2\/media\/202911"}],"wp:attachment":[{"href":"https:\/\/elluchador.info\/index.php?rest_route=%2Fwp%2Fv2%2Fmedia&parent=202910"}],"wp:term":[{"taxonomy":"category","embeddable":true,"href":"https:\/\/elluchador.info\/index.php?rest_route=%2Fwp%2Fv2%2Fcategories&post=202910"},{"taxonomy":"post_tag","embeddable":true,"href":"https:\/\/elluchador.info\/index.php?rest_route=%2Fwp%2Fv2%2Ftags&post=202910"}],"curies":[{"name":"wp","href":"https:\/\/api.w.org\/{rel}","templated":true}]}}