{"id":202946,"date":"2021-11-25T15:33:51","date_gmt":"2021-11-25T19:33:51","guid":{"rendered":"https:\/\/elluchador.info\/web\/?p=202946"},"modified":"2021-11-25T15:33:53","modified_gmt":"2021-11-25T19:33:53","slug":"carlos-vidal-en-un-programa-radial-indico-continua-trabajando-por-el-bienestar-del-municipio-independencia","status":"publish","type":"post","link":"https:\/\/elluchador.info\/?p=202946","title":{"rendered":"Carlos Vidal, en un programa radial, indic\u00f3 contin\u00faa trabajando por el bienestar del municipio Independencia"},"content":{"rendered":"\n<p>Carlos Rafael Vidal hizo un an\u00e1lisis sobre los resultados de las pasadas elecciones del 21N, adem\u00e1s fue enf\u00e1tico al afirmar que el tema del agua es prioridad para su gesti\u00f3n de gobierno, para lo cual adelanta la actualizaci\u00f3n para sincerar el presupuesto y solicitar un cr\u00e9dito adicional al presidente de la Rep\u00fablica, para la culminaci\u00f3n del acueducto Soledad.<\/p>\n\n\n\n<p><br>Asimismo, el tema del transporte es vital y acot\u00f3 que por medio del cobro de tributos a empresas petroleras del municipio podr\u00e1 comprar pr\u00f3ximamente al menos un bus para la ruta soledad-Bol\u00edvar,para paulatinamente reponer la flota de 5 unidades quemadas por un sector extremo de la oposici\u00f3n.<\/p>\n\n\n\n<p><br>La ambulancia para Soledad es un compromiso que se va cumplir antes que finalice el presente a\u00f1o, dijo Vidal, as\u00ed como el tanque elevado de Las Malvinas. Indic\u00f3 que una vez que se instale el nuevo Concejo Municipal someter\u00e1 a consideraci\u00f3n la ordenanza de presupuesto para reconsiderar y modificar proyectos, incluir la recuperaci\u00f3n de espacios deportivos, pero se\u00f1al\u00f3:\u00a0 \u00abyo no voy a caer en demagogias, hay tiempo y vamos a poder trabajar en funci\u00f3n de la recuperaci\u00f3n econ\u00f3mica del pa\u00eds y de PDVSA, en la medida que se reactiven las empresas mixtas del municipio\u00bb. <\/p>\n\n\n\n<p>Prensa Alcald\u00eda\/RCM<\/p>\n","protected":false},"excerpt":{"rendered":"<p>Carlos Rafael Vidal hizo un an\u00e1lisis sobre los resultados de las pasadas elecciones del 21N, adem\u00e1s fue enf\u00e1tico al afirmar que el tema del agua es prioridad para su gesti\u00f3n de gobierno, para lo cual adelanta la actualizaci\u00f3n para sincerar el presupuesto y solicitar un cr\u00e9dito adicional al presidente de la Rep\u00fablica, para la culminaci\u00f3n [&hellip;]<\/p>\n","protected":false},"author":2,"featured_media":202947,"comment_status":"closed","ping_status":"closed","sticky":false,"template":"","format":"standard","meta":{"footnotes":""},"categories":[5,12],"tags":[],"class_list":{"0":"post-202946","1":"post","2":"type-post","3":"status-publish","4":"format-standard","5":"has-post-thumbnail","7":"category-destacado","8":"category-regionales"},"_links":{"self":[{"href":"https:\/\/elluchador.info\/index.php?rest_route=\/wp\/v2\/posts\/202946","targetHints":{"allow":["GET"]}}],"collection":[{"href":"https:\/\/elluchador.info\/index.php?rest_route=\/wp\/v2\/posts"}],"about":[{"href":"https:\/\/elluchador.info\/index.php?rest_route=\/wp\/v2\/types\/post"}],"author":[{"embeddable":true,"href":"https:\/\/elluchador.info\/index.php?rest_route=\/wp\/v2\/users\/2"}],"replies":[{"embeddable":true,"href":"https:\/\/elluchador.info\/index.php?rest_route=%2Fwp%2Fv2%2Fcomments&post=202946"}],"version-history":[{"count":1,"href":"https:\/\/elluchador.info\/index.php?rest_route=\/wp\/v2\/posts\/202946\/revisions"}],"predecessor-version":[{"id":202948,"href":"https:\/\/elluchador.info\/index.php?rest_route=\/wp\/v2\/posts\/202946\/revisions\/202948"}],"wp:featuredmedia":[{"embeddable":true,"href":"https:\/\/elluchador.info\/index.php?rest_route=\/wp\/v2\/media\/202947"}],"wp:attachment":[{"href":"https:\/\/elluchador.info\/index.php?rest_route=%2Fwp%2Fv2%2Fmedia&parent=202946"}],"wp:term":[{"taxonomy":"category","embeddable":true,"href":"https:\/\/elluchador.info\/index.php?rest_route=%2Fwp%2Fv2%2Fcategories&post=202946"},{"taxonomy":"post_tag","embeddable":true,"href":"https:\/\/elluchador.info\/index.php?rest_route=%2Fwp%2Fv2%2Ftags&post=202946"}],"curies":[{"name":"wp","href":"https:\/\/api.w.org\/{rel}","templated":true}]}}