{"id":202955,"date":"2021-11-25T15:51:20","date_gmt":"2021-11-25T19:51:20","guid":{"rendered":"https:\/\/elluchador.info\/web\/?p=202955"},"modified":"2021-11-25T15:51:21","modified_gmt":"2021-11-25T19:51:21","slug":"en-italia-exigiran-el-uso-de-la-mascarilla-durante-navidad","status":"publish","type":"post","link":"https:\/\/elluchador.info\/?p=202955","title":{"rendered":"En Italia exigir\u00e1n el uso de la mascarilla durante Navidad"},"content":{"rendered":"\n<p>Los habitantes de las ciudades de<strong>&nbsp;Mil\u00e1n, Aosta,&nbsp;<\/strong>Bolonia, B\u00e9rgamo y Padua, todas en el norte de Italia, deber\u00e1n usar la mascarilla en el centro durante las Navidades para prevenir los contagios por coronavirus, anunciaron hoy las autoridades locales.<\/p>\n\n\n\n<p>Adem\u00e1s, las regiones del Lacio, cuya capital es Roma, y del V\u00e9neto han solicitado al Gobierno que exija a la gente llevar este dispositivo de protecci\u00f3n en el centro de todas las ciudades y en los mercadillos callejeros, que concentran aglomeraciones en las fechas festivas, dijo el concejal de salud del Lacio, Alessio D\u2019Amato.<\/p>\n\n\n\n<p>Padua la exigir\u00e1 desde este viernes\u00a0y hasta el 31 de diciembre y Bolonia tambi\u00e9n desde el viernes hasta el 9 de enero, seg\u00fan han publicado ambos ayuntamientos en las p\u00e1ginas web.<\/p>\n\n\n\n<p>El ayuntamiento de Bolonia ha especificado que no tendr\u00e1n que llevarla los menores de seis a\u00f1os, las personas con patolog\u00edas o discapacidades incompatibles con el uso de la mascarilla o quienes hagan deporte, mientras que los que no entren en estas categor\u00edas y no cumplan la norma se enfrentar\u00e1n a multas de entre 400 y 1.000 euros.<\/p>\n\n\n\n<p>En Mil\u00e1n la multa podr\u00e1 ser de hasta 3.000 euros si no se lleva la mascarilla en algunas calles del centro m\u00e1s concurridas desde el s\u00e1bado 27 de noviembre y hasta el 31 de diciembre.<\/p>\n\n\n\n<p><strong>En B\u00e9rgamo habr\u00e1 que llevarla entre el 27 de noviembre y el 1 de enero y en Aosta, todos los fines de semana desde el 27 de noviembre y hasta el final de las vacaciones navide\u00f1as.<\/strong><\/p>\n\n\n\n<p>La medida trata de contener la propagaci\u00f3n de los contagios en unas fechas delicadas, aunque de momento se aplicar\u00e1 solo en algunos municipios que as\u00ed lo han decidido y no a nivel nacional.<\/p>\n\n\n\n<p>EFE<\/p>\n","protected":false},"excerpt":{"rendered":"<p>Los habitantes de las ciudades de&nbsp;Mil\u00e1n, Aosta,&nbsp;Bolonia, B\u00e9rgamo y Padua, todas en el norte de Italia, deber\u00e1n usar la mascarilla en el centro durante las Navidades para prevenir los contagios por coronavirus, anunciaron hoy las autoridades locales. Adem\u00e1s, las regiones del Lacio, cuya capital es Roma, y del V\u00e9neto han solicitado al Gobierno que exija [&hellip;]<\/p>\n","protected":false},"author":2,"featured_media":202956,"comment_status":"closed","ping_status":"closed","sticky":false,"template":"","format":"standard","meta":{"footnotes":""},"categories":[5,8],"tags":[],"class_list":{"0":"post-202955","1":"post","2":"type-post","3":"status-publish","4":"format-standard","5":"has-post-thumbnail","7":"category-destacado","8":"category-internacionales"},"_links":{"self":[{"href":"https:\/\/elluchador.info\/index.php?rest_route=\/wp\/v2\/posts\/202955","targetHints":{"allow":["GET"]}}],"collection":[{"href":"https:\/\/elluchador.info\/index.php?rest_route=\/wp\/v2\/posts"}],"about":[{"href":"https:\/\/elluchador.info\/index.php?rest_route=\/wp\/v2\/types\/post"}],"author":[{"embeddable":true,"href":"https:\/\/elluchador.info\/index.php?rest_route=\/wp\/v2\/users\/2"}],"replies":[{"embeddable":true,"href":"https:\/\/elluchador.info\/index.php?rest_route=%2Fwp%2Fv2%2Fcomments&post=202955"}],"version-history":[{"count":1,"href":"https:\/\/elluchador.info\/index.php?rest_route=\/wp\/v2\/posts\/202955\/revisions"}],"predecessor-version":[{"id":202957,"href":"https:\/\/elluchador.info\/index.php?rest_route=\/wp\/v2\/posts\/202955\/revisions\/202957"}],"wp:featuredmedia":[{"embeddable":true,"href":"https:\/\/elluchador.info\/index.php?rest_route=\/wp\/v2\/media\/202956"}],"wp:attachment":[{"href":"https:\/\/elluchador.info\/index.php?rest_route=%2Fwp%2Fv2%2Fmedia&parent=202955"}],"wp:term":[{"taxonomy":"category","embeddable":true,"href":"https:\/\/elluchador.info\/index.php?rest_route=%2Fwp%2Fv2%2Fcategories&post=202955"},{"taxonomy":"post_tag","embeddable":true,"href":"https:\/\/elluchador.info\/index.php?rest_route=%2Fwp%2Fv2%2Ftags&post=202955"}],"curies":[{"name":"wp","href":"https:\/\/api.w.org\/{rel}","templated":true}]}}