{"id":202964,"date":"2021-11-25T16:02:20","date_gmt":"2021-11-25T20:02:20","guid":{"rendered":"https:\/\/elluchador.info\/web\/?p=202964"},"modified":"2021-11-25T16:02:22","modified_gmt":"2021-11-25T20:02:22","slug":"a-pablo-montero-le-cancelan-contratos-por-venir-a-venezuela","status":"publish","type":"post","link":"https:\/\/elluchador.info\/?p=202964","title":{"rendered":"A Pablo Montero le cancelan contratos por venir a Venezuela"},"content":{"rendered":"\n<p> Montero est\u00e1 \u00abpreocupado por su p\u00fablico mexicano, por los medios y los contratos. Pero \u00e9l fue a hacer un trabajo y representar m\u00fasica mexicana en el extranjero. No fue lo mejor, pero son situaciones laborales que nos suceden.<strong>\u00a0Est\u00e1 bastante preocupado<\/strong>\u00a0por Estados Unidos, que sabemos que toma medidas bastantes dr\u00e1sticas por las \u00f3rdenes de aprehensi\u00f3n contra Maduro\u00bb, dijo en referencia a la recompensa de 15 millones de d\u00f3lares que ofrece el Departamento de Justicia por informaci\u00f3n sobre Maduro. <\/p>\n\n\n\n<p>La abogada de Pablo Montero, Mariana Guti\u00e9rrez, ofreci\u00f3 una entrevista al canal mexicano Imagen TV en la que revel\u00f3 que algunas empresas\u00a0<strong>cancelaron contratos con el mexicano<\/strong>\u00a0luego de cantar en el cumplea\u00f1os de\u00a0<a rel=\"noreferrer noopener\" href=\"https:\/\/www.elnacional.com\/venezuela\/lo-que-dijo-maduro-luego-de-recibir-a-pablo-montero-en-miraflores\/\" target=\"_blank\">Nicol\u00e1s Maduro<\/a>.<\/p>\n\n\n\n<p>\u00abYa empezaron las cancelaciones de los contratos y los eventos por este tema que fue a cantarle a Maduro a Venezuela. Como es un tema de pol\u00edtica internacional&nbsp;<strong>ha habido ciertas consecuencias<\/strong>&nbsp;al respecto\u00bb, admiti\u00f3 la abogada.<\/p>\n\n\n\n<p>Aunque no especific\u00f3 cu\u00e1les empresas decidieron cancelar sus contratos con Pablo Montero o cu\u00e1ntas lo han hecho, s\u00ed se\u00f1al\u00f3 que actualmente est\u00e1n conversando con la disquera para ver qu\u00e9 decisi\u00f3n tomar. \u00abLa disquera est\u00e1 viendo qu\u00e9 decisi\u00f3 van a tomar, porque obviamente hay consecuencias colaterales por los programas,&nbsp;<strong>contratos con shows como&nbsp;Telemundo.<\/strong>&nbsp;Estamos conversando\u00bb, explic\u00f3.<\/p>\n\n\n\n<p>Guti\u00e9rrez se\u00f1al\u00f3 que Montero no les coment\u00f3 que viajar\u00eda a Venezuela para cantarle a Nicol\u00e1s Maduro. Ni su m\u00e1nager, ni la disquera, ni ella como abogada\u00a0<strong>estaban enterados.<\/strong>\u00a0\u00ab\u00c9l lo manej\u00f3 con mucha discreci\u00f3n, no ten\u00edamos conocimiento hasta ahorita que est\u00e1n sucediendo las consecuencias. \u00c9l dijo que iba a visitar a sus hijas y lo cre\u00edmos totalmente porque ven\u00eda de\u00a0<em>La casa de los famosos\u00bb<\/em>, revel\u00f3.<\/p>\n\n\n\n<p>A juicio de la abogada, el \u00fanico inter\u00e9s de Montero era representar a la m\u00fasica mexicana en el mundo. Sin embargo, s\u00ed considera que su cliente debi\u00f3 consultar antes porque se sabe que Maduro es un \u00ab<strong>personaje complicado en el derecho internacional\u00bb<\/strong>, afirm\u00f3.<\/p>\n\n\n\n<p>\u00abNo lo hizo con ninguna intenci\u00f3n de la mala fe, nos queda claro que&nbsp;<strong>la situaci\u00f3n de Venezuela es bastante cr\u00edtica,<\/strong>&nbsp;sobre todo el tema que tiene con Estados Unidos, pero \u00e9l no lo hizo con ese fin. Lo contratan y va a cantar donde lo pidan. Montero es muy carism\u00e1tico, y cuando hace su trabajo trata de hacerlo de la mejor manera\u00bb, asever\u00f3.<\/p>\n\n\n\n<p>Ante esto, los conductores del programa le se\u00f1alaron que adem\u00e1s de cantar, Montero le regal\u00f3 su sombrero a Nicol\u00e1s Maduro, una acci\u00f3n que tambi\u00e9n gener\u00f3 pol\u00e9mica. La defensora se\u00f1al\u00f3 que lo del sombrero lo acostumbra a hacer, pero no siempre. Agreg\u00f3: \u00abLo hace en eventos privados. Es un hombre muy carism\u00e1tico.\u00a0<strong>No nos comunic\u00f3 que iba a realizar ese show<\/strong>\u00a0que es de mucha pol\u00e9mica. Creo que s\u00ed debi\u00f3 consultarlo y tomar una mejor decisi\u00f3n\u00bb.<\/p>\n\n\n\n<p>El Nacional <\/p>\n","protected":false},"excerpt":{"rendered":"<p>Montero est\u00e1 \u00abpreocupado por su p\u00fablico mexicano, por los medios y los contratos. Pero \u00e9l fue a hacer un trabajo y representar m\u00fasica mexicana en el extranjero. No fue lo mejor, pero son situaciones laborales que nos suceden.\u00a0Est\u00e1 bastante preocupado\u00a0por Estados Unidos, que sabemos que toma medidas bastantes dr\u00e1sticas por las \u00f3rdenes de aprehensi\u00f3n contra [&hellip;]<\/p>\n","protected":false},"author":2,"featured_media":202965,"comment_status":"closed","ping_status":"closed","sticky":false,"template":"","format":"standard","meta":{"footnotes":""},"categories":[5,9],"tags":[],"class_list":{"0":"post-202964","1":"post","2":"type-post","3":"status-publish","4":"format-standard","5":"has-post-thumbnail","7":"category-destacado","8":"category-nacionales"},"_links":{"self":[{"href":"https:\/\/elluchador.info\/index.php?rest_route=\/wp\/v2\/posts\/202964","targetHints":{"allow":["GET"]}}],"collection":[{"href":"https:\/\/elluchador.info\/index.php?rest_route=\/wp\/v2\/posts"}],"about":[{"href":"https:\/\/elluchador.info\/index.php?rest_route=\/wp\/v2\/types\/post"}],"author":[{"embeddable":true,"href":"https:\/\/elluchador.info\/index.php?rest_route=\/wp\/v2\/users\/2"}],"replies":[{"embeddable":true,"href":"https:\/\/elluchador.info\/index.php?rest_route=%2Fwp%2Fv2%2Fcomments&post=202964"}],"version-history":[{"count":1,"href":"https:\/\/elluchador.info\/index.php?rest_route=\/wp\/v2\/posts\/202964\/revisions"}],"predecessor-version":[{"id":202966,"href":"https:\/\/elluchador.info\/index.php?rest_route=\/wp\/v2\/posts\/202964\/revisions\/202966"}],"wp:featuredmedia":[{"embeddable":true,"href":"https:\/\/elluchador.info\/index.php?rest_route=\/wp\/v2\/media\/202965"}],"wp:attachment":[{"href":"https:\/\/elluchador.info\/index.php?rest_route=%2Fwp%2Fv2%2Fmedia&parent=202964"}],"wp:term":[{"taxonomy":"category","embeddable":true,"href":"https:\/\/elluchador.info\/index.php?rest_route=%2Fwp%2Fv2%2Fcategories&post=202964"},{"taxonomy":"post_tag","embeddable":true,"href":"https:\/\/elluchador.info\/index.php?rest_route=%2Fwp%2Fv2%2Ftags&post=202964"}],"curies":[{"name":"wp","href":"https:\/\/api.w.org\/{rel}","templated":true}]}}