{"id":202967,"date":"2021-11-25T16:04:51","date_gmt":"2021-11-25T20:04:51","guid":{"rendered":"https:\/\/elluchador.info\/web\/?p=202967"},"modified":"2021-11-25T16:04:52","modified_gmt":"2021-11-25T20:04:52","slug":"oposicion-de-peru-pide-destitucion-de-pedro-castillo-por-permanente-incapacidad-moral","status":"publish","type":"post","link":"https:\/\/elluchador.info\/?p=202967","title":{"rendered":"Oposici\u00f3n de Per\u00fa pide destituci\u00f3n de Pedro Castillo por \u00abpermanente incapacidad moral\u00bb"},"content":{"rendered":"\n<p>La oposici\u00f3n formaliz\u00f3 este jueves en el\u00a0Congreso de Per\u00fa\u00a0un pedido de destituci\u00f3n del\u00a0presidente,\u00a0Pedro Castillo, por \u00abpermanente incapacidad moral\u00bb.<\/p>\n\n\n\n<p>La moci\u00f3n fue promovida por la tercera vicepresidenta del Congreso, la derechista Patricia Chirinos. Fue presentada con 28 firmas, dos m\u00e1s del m\u00ednimo que exige la ley peruana para que, en primera instancia, se discuta la eventual admisi\u00f3n.<\/p>\n\n\n\n<p>Para que el tema de fondo sea debatido luego se requieren 52 votos a favor, y para la eventual destituci\u00f3n del mandatario, 87 votos de los 130 congresistas.<\/p>\n\n\n\n<p>En principio, analistas y medios locales se\u00f1alan que la moci\u00f3n a\u00fan no tiene el apoyo necesario para que sea admitida a debate.<\/p>\n\n\n\n<p>El documento cont\u00f3 con las firmas de congresistas de las agrupaciones derechistas Renovaci\u00f3n Popular, Avanza Pa\u00eds y Fuerza Popular. Este \u00faltimo liderado por Keiko Fujimori, quien en junio perdi\u00f3 frente a Castillo su tercera postulaci\u00f3n consecutiva a la presidencia peruana.<\/p>\n\n\n\n<p>Entre los argumentos para considerar la incapacidad moral de Castillo est\u00e1 el presunto uso ilegal de fondos para su campa\u00f1a electoral de este a\u00f1o, que hizo representando al partido marxista Per\u00fa Libre, del que luego se ha alejado.<\/p>\n\n\n\n<p>Adem\u00e1s, la moci\u00f3n se\u00f1ala: \u00abCastillo ha designado a altos funcionarios vinculados al terrorismo y acusados de apolog\u00eda del terrorismo\u00bb.<\/p>\n\n\n\n<p>Tambi\u00e9n se le acusa del delito de tr\u00e1fico de influencias en los ascensos de altos mandos de las Fuerzas Armadas y de las jefaturas de la Superintendencia Nacional de Aduanas y de Administraci\u00f3n Tributaria (Sunat).<\/p>\n\n\n\n<p>Asimismo, la oposici\u00f3n denuncia: \u00abCastillo ocasiona un debilitamiento del sistema democr\u00e1tico del Per\u00fa al fortalecer las relaciones con gobiernos antidemocr\u00e1ticos como Venezuela y avalar la intervenci\u00f3n de personajes extranjeros en asuntos internos\u00bb.<\/p>\n\n\n\n<p>Sobre esa acusaci\u00f3n de permitir intervenci\u00f3n de extranjeros se menciona al expresidente boliviano Evo Morales.<\/p>\n\n\n\n<p>Los firmantes a\u00f1aden que durante el gobierno de Castillo, que comenz\u00f3 el 28 de julio, se ha presentado un debilitamiento de la libertad de expresi\u00f3n. Adem\u00e1s de un maltrato a medios de comunicaci\u00f3n y negativa a rendir cuentas a la sociedad, as\u00ed como una permisibilidad a la violencia contra la mujer.<\/p>\n\n\n\n<p>El Nacional <\/p>\n","protected":false},"excerpt":{"rendered":"<p>La oposici\u00f3n formaliz\u00f3 este jueves en el\u00a0Congreso de Per\u00fa\u00a0un pedido de destituci\u00f3n del\u00a0presidente,\u00a0Pedro Castillo, por \u00abpermanente incapacidad moral\u00bb. La moci\u00f3n fue promovida por la tercera vicepresidenta del Congreso, la derechista Patricia Chirinos. Fue presentada con 28 firmas, dos m\u00e1s del m\u00ednimo que exige la ley peruana para que, en primera instancia, se discuta la eventual [&hellip;]<\/p>\n","protected":false},"author":2,"featured_media":202968,"comment_status":"closed","ping_status":"closed","sticky":false,"template":"","format":"standard","meta":{"footnotes":""},"categories":[5,8],"tags":[],"class_list":{"0":"post-202967","1":"post","2":"type-post","3":"status-publish","4":"format-standard","5":"has-post-thumbnail","7":"category-destacado","8":"category-internacionales"},"_links":{"self":[{"href":"https:\/\/elluchador.info\/index.php?rest_route=\/wp\/v2\/posts\/202967","targetHints":{"allow":["GET"]}}],"collection":[{"href":"https:\/\/elluchador.info\/index.php?rest_route=\/wp\/v2\/posts"}],"about":[{"href":"https:\/\/elluchador.info\/index.php?rest_route=\/wp\/v2\/types\/post"}],"author":[{"embeddable":true,"href":"https:\/\/elluchador.info\/index.php?rest_route=\/wp\/v2\/users\/2"}],"replies":[{"embeddable":true,"href":"https:\/\/elluchador.info\/index.php?rest_route=%2Fwp%2Fv2%2Fcomments&post=202967"}],"version-history":[{"count":1,"href":"https:\/\/elluchador.info\/index.php?rest_route=\/wp\/v2\/posts\/202967\/revisions"}],"predecessor-version":[{"id":202969,"href":"https:\/\/elluchador.info\/index.php?rest_route=\/wp\/v2\/posts\/202967\/revisions\/202969"}],"wp:featuredmedia":[{"embeddable":true,"href":"https:\/\/elluchador.info\/index.php?rest_route=\/wp\/v2\/media\/202968"}],"wp:attachment":[{"href":"https:\/\/elluchador.info\/index.php?rest_route=%2Fwp%2Fv2%2Fmedia&parent=202967"}],"wp:term":[{"taxonomy":"category","embeddable":true,"href":"https:\/\/elluchador.info\/index.php?rest_route=%2Fwp%2Fv2%2Fcategories&post=202967"},{"taxonomy":"post_tag","embeddable":true,"href":"https:\/\/elluchador.info\/index.php?rest_route=%2Fwp%2Fv2%2Ftags&post=202967"}],"curies":[{"name":"wp","href":"https:\/\/api.w.org\/{rel}","templated":true}]}}