{"id":202976,"date":"2021-11-26T12:37:27","date_gmt":"2021-11-26T16:37:27","guid":{"rendered":"https:\/\/elluchador.info\/web\/?p=202976"},"modified":"2021-11-26T12:37:32","modified_gmt":"2021-11-26T16:37:32","slug":"maduro-viajo-anoche-a-cuba-para-la-inauguracion-del-centro-fidel-castro-ruz","status":"publish","type":"post","link":"https:\/\/elluchador.info\/?p=202976","title":{"rendered":"Maduro viaj\u00f3 anoche a Cuba para la inauguraci\u00f3n del Centro Fidel Castro Ruz"},"content":{"rendered":"\n<p>Nicol\u00e1s Maduro asisti\u00f3 este jueves a la inauguraci\u00f3n del&nbsp;&nbsp;<em><strong>Centro Fidel Castro,<\/strong><\/em>&nbsp;en La Habana, junto a su hom\u00f3logo de Cuba,&nbsp;<strong>Miguel D\u00edaz-Canel, y el hermano de Fidel, Ra\u00fal,<\/strong>&nbsp;as\u00ed como otras autoridades de la isla antillana.<\/p>\n\n\n\n<p>Se rinden as\u00ed sentidos homenajes a los 5 a\u00f1os de la siembra del l\u00edder revolucionario cubano,&nbsp;<strong>Fidel Alejandro Castro Ruz<\/strong>, cuyo legado estar\u00e1 reflejado en el nuevo Centro Cultural, como aporte a la humanidad y la lucha de los pueblos que ayer y hoy defienden su soberan\u00eda e independencia, y transitan los caminos de la Revoluci\u00f3n contra las pretensiones imperiales de dominaci\u00f3n hegem\u00f3nica en este siglo XXI.<\/p>\n\n\n\n<p>El centro rector de las investigaciones sobre el pensamiento y la figura  del l\u00edder hist\u00f3rico de la Revoluci\u00f3n, incluye salas expositivas, bibliotecas, salones de reuniones, galer\u00edas, anfiteatro, librer\u00eda, imprenta y un extenso jard\u00edn.<\/p>\n\n\n\n<p>La primera dama,&nbsp;<strong>Cilia Flores<\/strong>, acompa\u00f1\u00f3 al mandatario venezolano, entre otras personalidades de la delegaci\u00f3n venezolana que est\u00e1 presente en Cuba para homenajear la memoria y el legado de Castro.<\/p>\n\n\n\n<p>En la ceremonia, se ofreci\u00f3 la obra \u201cFidel, habla, te necesito\u201d, con la actuaci\u00f3n de la compa\u00f1\u00eda cubana de teatro infantil La Colmenita, agrupaci\u00f3n art\u00edstica que es embajadora de la UNICEF, y que fuera fundada en febrero de 1990.<\/p>\n\n\n\n<p><strong>Con informaci\u00f3n de VTV<\/strong><\/p>\n","protected":false},"excerpt":{"rendered":"<p>Nicol\u00e1s Maduro asisti\u00f3 este jueves a la inauguraci\u00f3n del&nbsp;&nbsp;Centro Fidel Castro,&nbsp;en La Habana, junto a su hom\u00f3logo de Cuba,&nbsp;Miguel D\u00edaz-Canel, y el hermano de Fidel, Ra\u00fal,&nbsp;as\u00ed como otras autoridades de la isla antillana. Se rinden as\u00ed sentidos homenajes a los 5 a\u00f1os de la siembra del l\u00edder revolucionario cubano,&nbsp;Fidel Alejandro Castro Ruz, cuyo legado estar\u00e1 [&hellip;]<\/p>\n","protected":false},"author":2,"featured_media":202977,"comment_status":"closed","ping_status":"closed","sticky":false,"template":"","format":"standard","meta":{"footnotes":""},"categories":[5,11],"tags":[],"class_list":{"0":"post-202976","1":"post","2":"type-post","3":"status-publish","4":"format-standard","5":"has-post-thumbnail","7":"category-destacado","8":"category-politica"},"_links":{"self":[{"href":"https:\/\/elluchador.info\/index.php?rest_route=\/wp\/v2\/posts\/202976","targetHints":{"allow":["GET"]}}],"collection":[{"href":"https:\/\/elluchador.info\/index.php?rest_route=\/wp\/v2\/posts"}],"about":[{"href":"https:\/\/elluchador.info\/index.php?rest_route=\/wp\/v2\/types\/post"}],"author":[{"embeddable":true,"href":"https:\/\/elluchador.info\/index.php?rest_route=\/wp\/v2\/users\/2"}],"replies":[{"embeddable":true,"href":"https:\/\/elluchador.info\/index.php?rest_route=%2Fwp%2Fv2%2Fcomments&post=202976"}],"version-history":[{"count":1,"href":"https:\/\/elluchador.info\/index.php?rest_route=\/wp\/v2\/posts\/202976\/revisions"}],"predecessor-version":[{"id":202978,"href":"https:\/\/elluchador.info\/index.php?rest_route=\/wp\/v2\/posts\/202976\/revisions\/202978"}],"wp:featuredmedia":[{"embeddable":true,"href":"https:\/\/elluchador.info\/index.php?rest_route=\/wp\/v2\/media\/202977"}],"wp:attachment":[{"href":"https:\/\/elluchador.info\/index.php?rest_route=%2Fwp%2Fv2%2Fmedia&parent=202976"}],"wp:term":[{"taxonomy":"category","embeddable":true,"href":"https:\/\/elluchador.info\/index.php?rest_route=%2Fwp%2Fv2%2Fcategories&post=202976"},{"taxonomy":"post_tag","embeddable":true,"href":"https:\/\/elluchador.info\/index.php?rest_route=%2Fwp%2Fv2%2Ftags&post=202976"}],"curies":[{"name":"wp","href":"https:\/\/api.w.org\/{rel}","templated":true}]}}