{"id":202979,"date":"2021-11-26T12:47:47","date_gmt":"2021-11-26T16:47:47","guid":{"rendered":"https:\/\/elluchador.info\/web\/?p=202979"},"modified":"2021-11-26T12:47:49","modified_gmt":"2021-11-26T16:47:49","slug":"portugal-pais-mas-vacunado-de-la-ue-decreta-estado-de-calamidad-por-aumento-de-casos-covid","status":"publish","type":"post","link":"https:\/\/elluchador.info\/?p=202979","title":{"rendered":"Portugal, pa\u00eds m\u00e1s vacunado de la UE, decreta estado de calamidad por aumento de casos Covid"},"content":{"rendered":"\n<p>A partir del&nbsp;<strong>1 de diciembre<\/strong>, pese a ser el pa\u00eds de la&nbsp;<a href=\"https:\/\/www.antena3.com\/noticias\/salud\/union-europea-recomienda-dosis-refuerzo-vacuna-covid19-todos-adultos_20211124619e198c9e04bd00018c97e6.html\">Uni\u00f3n Europea<\/a>&nbsp;con m\u00e1s poblaci\u00f3n vacunada,&nbsp;<strong>Portugal&nbsp;<\/strong>volver\u00e1 a entrar en el \u00bb<strong>estado de calamidad<\/strong>\u00bb. Aumenta las restricciones de accesibilidad a lugares cerrados para intentar frenar el&nbsp;<strong>incremento de coronavirus<\/strong>.<\/p>\n\n\n\n<p>Lo m\u00e1s llamativo de las medidas presentadas por el socialista&nbsp;<a href=\"https:\/\/www.antena3.com\/noticias\/mundo\/emmanuel-macron-positivo-coronavirus_202012175fdb28517cfbb20001d29478.html\">Ant\u00f3nio Costa<\/a>, primer ministro portugu\u00e9s, es el&nbsp;<strong>confinamiento&nbsp;<\/strong>que se impondr\u00e1 en la primera semana de 2022 para \u00bbevitar el tr\u00e1gico enero de 2021\u00bb. Durante esta semana el&nbsp;<strong>Gobierno&nbsp;<\/strong>ha decretado el teletrabajo obligatorio en todas las empresas, el cierre de negocios de hosteler\u00eda y restauraci\u00f3n y la suspensi\u00f3n de la vuelta a la aulas. En&nbsp;<strong>Portugal&nbsp;<\/strong>no es costumbre celebrar el&nbsp;<a href=\"https:\/\/www.antena3.com\/noticias\/mundo\/reyes-magos-tambien-usan-pasaporte-covid-italia_202111046183f01a24761b000131d260.html\">D\u00eda de Reyes<\/a>, as\u00ed que la vuelta a clases estaba prevista para el<strong>&nbsp;3 de enero<\/strong>, y ahora tendr\u00e1 que ser el&nbsp;<strong>lunes 10<\/strong>.<\/p>\n\n\n\n<h3 class=\"wp-block-heading\">Se ayudar\u00e1 a los negocios en el confinamiento<\/h3>\n\n\n\n<p>Seg\u00fan&nbsp;<strong>Costa<\/strong>, \u00bblos establecimientos ser\u00e1n compensados por la obligaci\u00f3n de confinarse\u00bb. Tratar\u00e1n de frenar la circulaci\u00f3n del coronavirus tras las fiestas navide\u00f1as. El Gobierno opta por proteger la econom\u00eda del pa\u00eds que depende del turismo. Costa ha animado a los portugueses a&nbsp;<strong>realizarse test<\/strong>&nbsp;antes de los&nbsp;<strong>encuentros familiares<\/strong>.<\/p>\n\n\n\n<p>\u00bbLos portugueses saben que su propio comportamiento controla la evoluci\u00f3n de la pandemia, adem\u00e1s de la protecci\u00f3n farmacol\u00f3gica de la vacuna. Obviamente cuando hay menos restricciones, hay mayor responsabilidad individual\u00bb, indicaba&nbsp;<strong>Ant\u00f3nio Costa<\/strong>.&nbsp;Gracias a la&nbsp;<strong>vacunaci\u00f3n<\/strong>, la situaci\u00f3n de&nbsp;<a href=\"https:\/\/www.antena3.com\/noticias\/mundo\/portugal-prohibe-trabajadores-mandar-mensajes-jornada-laboral_20211112618e1e67d19d5b000187c9b5.html\">Portugal&nbsp;<\/a>no es comparable a diciembre de 2020 -su peor ola de contagios-, pero e<strong>l aumento de contagios y muertes<\/strong>&nbsp;no les permite confiarse otra vez.<\/p>\n\n\n\n<h3 class=\"wp-block-heading\">Estrictos con las medidas Covid-19<\/h3>\n\n\n\n<p>Esta estrategia se basa en el uso de<a href=\"https:\/\/www.antena3.com\/noticias\/sociedad\/motivo-que-gomas-mascarillas-deben-cortar_202111196197d9415db1d60001012952.html\">&nbsp;mascarilla<\/a>,&nbsp;<strong>certificados de vacunaci\u00f3n<\/strong>&nbsp;y los&nbsp;<strong>test<\/strong>. Las pruebas tambi\u00e9n ser\u00e1n obligatorias si quieres viajar a Portugal en avi\u00f3n. Costa ha sido muy cr\u00edtico con las compa\u00f1\u00edas a\u00e9reas. \u00bbEs una obligaci\u00f3n de las compa\u00f1\u00edas que solo permitan el embarque de personas testadas y hemos visto que no lo han cumplido y por eso vamos a introducir sanciones de hasta 20.000 euros por cada viajero desembarcado sin test\u00bb, ha explicado el&nbsp;<strong>primer ministro Costa<\/strong>.<\/p>\n\n\n\n<p>En casos graves de descontrol, la penalizaci\u00f3n para alguna&nbsp;<strong>compa\u00f1\u00eda a\u00e9rea<\/strong>&nbsp;podr\u00eda llegar incluso a la&nbsp;<strong>retirada de licencia de vuelo<\/strong>. \u00bbEs un acto de profunda irresponsabilidad transportar personas que no est\u00e1n testadas. Queremos mantener las fronteras abiertas y las actividades de la aviaci\u00f3n civil, pero es su obligaci\u00f3n velar por la seguridad de quien viaja\u00bb, ha alertado en la rueda de prensa tras el&nbsp;<strong>Consejo de Ministros<\/strong>.<\/p>\n\n\n\n<p>Ninguna de las nuevas restricciones requiere la aprobaci\u00f3n de la&nbsp;<strong>Asamblea de la Rep\u00fablica<\/strong>, que todav\u00eda opera pese a la pronta disoluci\u00f3n del&nbsp;<strong>presidente de la Rep\u00fablica<\/strong>,&nbsp;<a href=\"https:\/\/www.antena3.com\/noticias\/mundo\/portugal-reelige-como-presidente-marcelo-rebelo-sousa-habido-60-abstencion_20210124600df6fd6f8ead000182eb8a.html\">Marcelo Rebelo de Sousa<\/a>. Sobre el progreso de la campa\u00f1a electoral en plena quinta ola,&nbsp;<strong>Costa&nbsp;<\/strong>avis\u00f3 que el pa\u00eds ha celebrado ya varios sufragios en la&nbsp;<strong>pandemia&nbsp;<\/strong>sin que se hubiesen registrado incidencias.<\/p>\n\n\n\n<p><strong>Antena 3<\/strong><\/p>\n","protected":false},"excerpt":{"rendered":"<p>A partir del&nbsp;1 de diciembre, pese a ser el pa\u00eds de la&nbsp;Uni\u00f3n Europea&nbsp;con m\u00e1s poblaci\u00f3n vacunada,&nbsp;Portugal&nbsp;volver\u00e1 a entrar en el \u00bbestado de calamidad\u00bb. Aumenta las restricciones de accesibilidad a lugares cerrados para intentar frenar el&nbsp;incremento de coronavirus. Lo m\u00e1s llamativo de las medidas presentadas por el socialista&nbsp;Ant\u00f3nio Costa, primer ministro portugu\u00e9s, es el&nbsp;confinamiento&nbsp;que se impondr\u00e1 [&hellip;]<\/p>\n","protected":false},"author":2,"featured_media":202980,"comment_status":"closed","ping_status":"closed","sticky":false,"template":"","format":"standard","meta":{"footnotes":""},"categories":[8],"tags":[],"class_list":{"0":"post-202979","1":"post","2":"type-post","3":"status-publish","4":"format-standard","5":"has-post-thumbnail","7":"category-internacionales"},"_links":{"self":[{"href":"https:\/\/elluchador.info\/index.php?rest_route=\/wp\/v2\/posts\/202979","targetHints":{"allow":["GET"]}}],"collection":[{"href":"https:\/\/elluchador.info\/index.php?rest_route=\/wp\/v2\/posts"}],"about":[{"href":"https:\/\/elluchador.info\/index.php?rest_route=\/wp\/v2\/types\/post"}],"author":[{"embeddable":true,"href":"https:\/\/elluchador.info\/index.php?rest_route=\/wp\/v2\/users\/2"}],"replies":[{"embeddable":true,"href":"https:\/\/elluchador.info\/index.php?rest_route=%2Fwp%2Fv2%2Fcomments&post=202979"}],"version-history":[{"count":1,"href":"https:\/\/elluchador.info\/index.php?rest_route=\/wp\/v2\/posts\/202979\/revisions"}],"predecessor-version":[{"id":202981,"href":"https:\/\/elluchador.info\/index.php?rest_route=\/wp\/v2\/posts\/202979\/revisions\/202981"}],"wp:featuredmedia":[{"embeddable":true,"href":"https:\/\/elluchador.info\/index.php?rest_route=\/wp\/v2\/media\/202980"}],"wp:attachment":[{"href":"https:\/\/elluchador.info\/index.php?rest_route=%2Fwp%2Fv2%2Fmedia&parent=202979"}],"wp:term":[{"taxonomy":"category","embeddable":true,"href":"https:\/\/elluchador.info\/index.php?rest_route=%2Fwp%2Fv2%2Fcategories&post=202979"},{"taxonomy":"post_tag","embeddable":true,"href":"https:\/\/elluchador.info\/index.php?rest_route=%2Fwp%2Fv2%2Ftags&post=202979"}],"curies":[{"name":"wp","href":"https:\/\/api.w.org\/{rel}","templated":true}]}}