{"id":203328,"date":"2021-12-01T17:03:48","date_gmt":"2021-12-01T21:03:48","guid":{"rendered":"https:\/\/elluchador.info\/web\/?p=203328"},"modified":"2021-12-01T17:03:51","modified_gmt":"2021-12-01T21:03:51","slug":"inaugurada-sala-de-emergencia-y-hospitalizacion-de-pediatria","status":"publish","type":"post","link":"https:\/\/elluchador.info\/?p=203328","title":{"rendered":"Inaugurada sala de emergencia y hospitalizaci\u00f3n de pediatr\u00eda"},"content":{"rendered":"\n<p>El Hospital Cl\u00ednico de los Trabajadores de Guayana, ente adscrito a la CVG, inaugur\u00f3 la sala de emergencia y hospitalizaci\u00f3n de pediatr\u00eda, siguiendo los lineamientos de la Gerencia General de Salud de la Corporaci\u00f3n y sus empresas tuteladas.<\/p>\n\n\n\n<p>La nueva \u00e1rea de emergencia y hospitalizaci\u00f3n est\u00e1 conformada por 28 cub\u00edculos, con 14 camas y 14 cunas para la atenci\u00f3n primaria de infantes entre 0 y 12 a\u00f1os. Asimismo, el Hospital Cl\u00ednico cuenta con un equipo de aproximadamente 20 especialistas en el \u00e1rea de pediatr\u00eda, que ofrecen atenci\u00f3n las 24 horas.<\/p>\n\n\n\n<p>El gerente general de Salud de la Corporaci\u00f3n, Marcelo Storino, inform\u00f3 que por los momentos la atenci\u00f3n es por triaje y emergencia pedi\u00e1trica, garantizado el suministro de medicamentos una vez que el paciente sea tratado.&nbsp;<\/p>\n\n\n\n<p>De igual forma, el galeno destac\u00f3 que a partir del pr\u00f3ximo lunes 06 de diciembre se reactivar\u00e1n todos los servicios del centro m\u00e9dico, y las consultas con cita previa.<\/p>\n\n\n\n<p>Gracias a las pol\u00edticas de salud del Gobierno Bolivariano y los lineamientos del presidente de la Corporaci\u00f3n Venezolana de Guayana, Pedro Maldonado, se sigue dignificando la salud f\u00edsica de la clase trabajadora y sus familiares.<\/p>\n\n\n\n<p>Prensa CVG<\/p>\n","protected":false},"excerpt":{"rendered":"<p>El Hospital Cl\u00ednico de los Trabajadores de Guayana, ente adscrito a la CVG, inaugur\u00f3 la sala de emergencia y hospitalizaci\u00f3n de pediatr\u00eda, siguiendo los lineamientos de la Gerencia General de Salud de la Corporaci\u00f3n y sus empresas tuteladas. La nueva \u00e1rea de emergencia y hospitalizaci\u00f3n est\u00e1 conformada por 28 cub\u00edculos, con 14 camas y 14 [&hellip;]<\/p>\n","protected":false},"author":2,"featured_media":203332,"comment_status":"closed","ping_status":"closed","sticky":false,"template":"","format":"standard","meta":{"footnotes":""},"categories":[5,12],"tags":[],"class_list":{"0":"post-203328","1":"post","2":"type-post","3":"status-publish","4":"format-standard","5":"has-post-thumbnail","7":"category-destacado","8":"category-regionales"},"_links":{"self":[{"href":"https:\/\/elluchador.info\/index.php?rest_route=\/wp\/v2\/posts\/203328","targetHints":{"allow":["GET"]}}],"collection":[{"href":"https:\/\/elluchador.info\/index.php?rest_route=\/wp\/v2\/posts"}],"about":[{"href":"https:\/\/elluchador.info\/index.php?rest_route=\/wp\/v2\/types\/post"}],"author":[{"embeddable":true,"href":"https:\/\/elluchador.info\/index.php?rest_route=\/wp\/v2\/users\/2"}],"replies":[{"embeddable":true,"href":"https:\/\/elluchador.info\/index.php?rest_route=%2Fwp%2Fv2%2Fcomments&post=203328"}],"version-history":[{"count":1,"href":"https:\/\/elluchador.info\/index.php?rest_route=\/wp\/v2\/posts\/203328\/revisions"}],"predecessor-version":[{"id":203329,"href":"https:\/\/elluchador.info\/index.php?rest_route=\/wp\/v2\/posts\/203328\/revisions\/203329"}],"wp:featuredmedia":[{"embeddable":true,"href":"https:\/\/elluchador.info\/index.php?rest_route=\/wp\/v2\/media\/203332"}],"wp:attachment":[{"href":"https:\/\/elluchador.info\/index.php?rest_route=%2Fwp%2Fv2%2Fmedia&parent=203328"}],"wp:term":[{"taxonomy":"category","embeddable":true,"href":"https:\/\/elluchador.info\/index.php?rest_route=%2Fwp%2Fv2%2Fcategories&post=203328"},{"taxonomy":"post_tag","embeddable":true,"href":"https:\/\/elluchador.info\/index.php?rest_route=%2Fwp%2Fv2%2Ftags&post=203328"}],"curies":[{"name":"wp","href":"https:\/\/api.w.org\/{rel}","templated":true}]}}