{"id":203342,"date":"2021-12-01T17:21:04","date_gmt":"2021-12-01T21:21:04","guid":{"rendered":"https:\/\/elluchador.info\/web\/?p=203342"},"modified":"2021-12-01T17:21:10","modified_gmt":"2021-12-01T21:21:10","slug":"fedecamaras-bolivar-realizo-6ta-reunion-ordinaria-con-miras-a-recuperar-las-empresas-y-reducir-altos-costos-de-servicios-basicos","status":"publish","type":"post","link":"https:\/\/elluchador.info\/?p=203342","title":{"rendered":"Fedec\u00e1maras Bol\u00edvar realiz\u00f3 6ta reuni\u00f3n ordinaria con miras a recuperar las empresas y reducir altos costos de servicios b\u00e1sicos"},"content":{"rendered":"\n<p>Fedec\u00e1maras Bol\u00edvar y sus c\u00e1maras base realizaron su 6ta reuni\u00f3n ordinaria del periodo 2021-2023. En esta oportunidad la C\u00e1mara de Comercio de Caron\u00ed (Camcaron\u00ed) fue la sede del encuentro donde se plantearon anteproyectos para atender los problemas de las empresas, las deficiencias de servicios b\u00e1sicos y la urgencia de lograr acuerdos con autoridades regionales.&nbsp;<\/p>\n\n\n\n<p>El presidente de Fedec\u00e1maras Bol\u00edvar, Austerio Gonz\u00e1lez, abri\u00f3 la reuni\u00f3n dando detalle de las actividades en las que particip\u00f3 el gremio durante el \u00faltimo mes. Entre las m\u00e1s importantes estuvieron la reuni\u00f3n con la Misi\u00f3n de Observaci\u00f3n Electoral de la Uni\u00f3n Europea y la presentaci\u00f3n del anteproyecto <em>Guayana Propone.<\/em><\/p>\n\n\n\n<p>Por ahora, este anteproyecto cuenta 13 propuestas y se le sumar\u00e1n recomendaciones de las c\u00e1maras base con el fin de recuperar las empresas de Guayana. \u201cEs fundamental que entendamos que para recuperar las empresas de Guayana debe entrar capital privado nacional o extranjero\u201d, dijo el presidente del gremio.<\/p>\n\n\n\n<p>En referencia al nuevo gobernador electo en Bol\u00edvar, \u00c1ngel Marcano, Gonz\u00e1lez afirm\u00f3 que espera un mayor dialogo con autoridades regionales, y soluciones que permitan resolver los problemas del estado tanto de servicios como a nivel empresarial.<\/p>\n\n\n\n<p>Adem\u00e1s, en la reuni\u00f3n se aprob\u00f3 retomar el estudio de coyuntura econ\u00f3mica que ser\u00e1 liderado por el economista Marco Tulio M\u00e9ndez. Esta herramienta permitir\u00e1 conocer los \u00edndices macroecon\u00f3micos y las variables microecon\u00f3micas en la regi\u00f3n.<\/p>\n\n\n\n<p>El presidente de la C\u00e1mara de Industriales de Bol\u00edvar, Jes\u00fas G\u00f3mez, se\u00f1al\u00f3 que el anteproyecto <em>Guayana Propone<\/em> es urgente para el sector industrial ante lo que ha sido el declive de las empresas b\u00e1sicas. \u201cLo acompa\u00f1amos y respaldaremos a medida que podamos recuperar el sector\u201d, declar\u00f3.<\/p>\n\n\n\n<p>\u201cYo espero no contar ata\u00fades a final de diciembre, a ver cu\u00e1ntas empresas que pertenecen a nuestro gremio se quedaron en el camino, porque a\u00f1o a a\u00f1o las empresas nuestras vienen cerrando por falta de generaci\u00f3n de recursos\u201d, lament\u00f3.<\/p>\n\n\n\n<p>El primer vicepresidente, David Berm\u00fadez, inform\u00f3 la renovaci\u00f3n de las autoridades en la C\u00e1mara de Comercio e Industrias del Municipio Sifontes, y el compromiso que tiene el equipo de continuar en busca del desarrollo del sector comercial.<\/p>\n\n\n\n<p>El tesorero de Fedec\u00e1maras Bol\u00edvar, Jos\u00e9 \u00c1ngel Bruzual, se\u00f1al\u00f3 que desde los gremios de Bol\u00edvar se debe llamar a los empresarios a transformar el pa\u00eds y propiciar un cambio en materia econ\u00f3mica.<\/p>\n\n\n\n<p><strong>Servicios costosos y deficientes&nbsp;<\/strong><\/p>\n\n\n\n<p>La presidenta de la C\u00e1mara de Comercio del Municipio Piar, Magnolia Lanz, cuestion\u00f3 el elevado costo del servicio de agua y electricidad en Upata. \u201cHay comerciantes que est\u00e1n pagando 300 d\u00f3lares por agua, que no estamos disfrutando\u201d, dijo.<\/p>\n\n\n\n<p>La l\u00edder gremial insisti\u00f3 que hay empresas que cumplen m\u00e1s de tres meses sin servicio de internet. \u201cLos puntos de venta se paralizan totalmente, eso nos est\u00e1 afectando\u201d. Recalc\u00f3 que se deben retomar las reuniones con los representantes de los servicios a nivel regional.&nbsp;<\/p>\n\n\n\n<p>La presidenta de la C\u00e1mara de Comercio de Caron\u00ed, Catherine Wilson, indic\u00f3 que hay hoteles con apenas 10% de sus habitaciones ocupadas que reciben facturas el\u00e9ctricas de 4500 d\u00f3lares. \u201cEso es imposible\u201d, alert\u00f3.<\/p>\n\n\n\n<p>Antes los altos costos de los servicios, el presidente de la C\u00e1mara de Licores del Estado Bol\u00edvar (Calicor Bol\u00edvar), Fidel Hern\u00e1ndez, insisti\u00f3 en la necesidad de retomar mesas de trabajo con autoridades de Corpoelec, Hidrobol\u00edvar y Cantv.&nbsp;<\/p>\n\n\n\n<p>El sector de licores ha sido afectado por el porcentaje de al\u00edcuotas cobrado por la municipalidad y el esquema 7 por 7 que durante m\u00e1s de un a\u00f1o le limit\u00f3 la comercializaci\u00f3n de licores en el estado. Hern\u00e1ndez plante\u00f3 tambi\u00e9n que debe haber reuniones con los concejales y alcaldes electos, para encontrar soluciones de forma conjunta a los problemas econ\u00f3micos que afectan al estado y a sus ciudadanos.<\/p>\n\n\n\n<p>El presidente de la Federaci\u00f3n de Productores Agropecuarios de Bol\u00edvar, Noel Naar, reconoci\u00f3 que ha habido peque\u00f1os avances en disposici\u00f3n de combustible, pero que productores de municipios como Sifontes y Roscio tienen m\u00e1s de seis meses sin despacho. \u201cSi el combustible aparece, nosotros nos reactivamos en la econom\u00eda del estado y del pa\u00eds\u201d, subray\u00f3.&nbsp;<\/p>\n\n\n\n<p>El presidente de la Asociaci\u00f3n de Comercio de San F\u00e9lix, Miguel G\u00f3mez, a\u00f1adi\u00f3 que adem\u00e1s de lograr acuerdos con autoridades regionales en materia de servicios, tambi\u00e9n hay que acordar reuniones con autoridades en materia de Seguridad Ciudadana, sobre todo en \u00e9poca decembrina.\u00a0<\/p>\n\n\n\n<p><strong>Planes de las c\u00e1maras&nbsp;<\/strong><\/p>\n\n\n\n<p>El presidente de la C\u00e1mara Inmobiliaria del Estado Bol\u00edvar, Alexander Ayala, notific\u00f3 que en este \u00faltimo mes del a\u00f1o realizar\u00e1n la actividad <em>Solidaridad Decembrina 2021<\/em> con donaci\u00f3n de ropa y juguetes para ni\u00f1os.<\/p>\n\n\n\n<p>El presidente de la C\u00e1mara de Turismo de Bol\u00edvar, Gilbert Almarza, inform\u00f3 que est\u00e1n trabajando en recuperar espacios tur\u00edsticos abandonados como la Ruinas del Caron\u00ed, el parque Cachamay y algunos sectores de Ciudad Bol\u00edvar.&nbsp;<\/p>\n\n\n\n<p>A su vez, expres\u00f3 su orgullo al ser llamados desde Trujillo, Cojedes, Gu\u00e1rico y Amazonas pidiendo asesor\u00edas para la creaci\u00f3n de las c\u00e1maras de turismo en esos estados. \u201cTenemos cuatro estados que quieren que la C\u00e1mara de Turismo de Bol\u00edvar los ayude a formar estas c\u00e1maras, cosa que vamos a hacer y vamos a sacar adelante\u201d.<\/p>\n\n\n\n<p>El representante de la C\u00e1mara de la Construcci\u00f3n del Estado Bol\u00edvar, Eduardo Gamboa, lament\u00f3 que el sector construcci\u00f3n a nivel nacional est\u00e9 deprimido en un 98%, por lo que se han expandido a Islas del Caribe y pa\u00edses como Belice, Guyana. \u201cHay que buscar alternativas\u201d, dijo.&nbsp;<\/p>\n\n\n\n<p><strong>Sector privado como protagonista&nbsp;<\/strong><\/p>\n\n\n\n<p>La 6ta reuni\u00f3n se realiz\u00f3 con la participaci\u00f3n especial del vicerrector de la Universidad Cat\u00f3lica Andr\u00e9s Bello extensi\u00f3n Guayana, Arturo Peraza, quien subray\u00f3 que el sector privado est\u00e1 llamado a llevar la locomotora econ\u00f3mica, social y pol\u00edtica del pa\u00eds. \u201cEl gobierno est\u00e1 forzado a abrir el marco econ\u00f3mico, no porque quiere, sino porque tiene\u00bb, dijo.<\/p>\n\n\n\n<p>\u201cEstamos llamados a hacernos sujetos de un proceso donde la productividad, la eficiencia y el trabajo sean el centro nuclear de los valores que necesitamos proponerle a la sociedad de Guayana y a Venezuela y aqu\u00ed hay con qu\u00e9\u201d, finaliz\u00f3.<\/p>\n\n\n\n<figure class=\"wp-block-table\"><table><tbody><tr><td><strong>Fedec\u00e1maras Bol\u00edvar<\/strong><\/td><\/tr><\/tbody><\/table><\/figure>\n","protected":false},"excerpt":{"rendered":"<p>Fedec\u00e1maras Bol\u00edvar y sus c\u00e1maras base realizaron su 6ta reuni\u00f3n ordinaria del periodo 2021-2023. En esta oportunidad la C\u00e1mara de Comercio de Caron\u00ed (Camcaron\u00ed) fue la sede del encuentro donde se plantearon anteproyectos para atender los problemas de las empresas, las deficiencias de servicios b\u00e1sicos y la urgencia de lograr acuerdos con autoridades regionales.&nbsp; El [&hellip;]<\/p>\n","protected":false},"author":2,"featured_media":203343,"comment_status":"closed","ping_status":"closed","sticky":false,"template":"","format":"standard","meta":{"footnotes":""},"categories":[5,6],"tags":[],"class_list":{"0":"post-203342","1":"post","2":"type-post","3":"status-publish","4":"format-standard","5":"has-post-thumbnail","7":"category-destacado","8":"category-economia"},"_links":{"self":[{"href":"https:\/\/elluchador.info\/index.php?rest_route=\/wp\/v2\/posts\/203342","targetHints":{"allow":["GET"]}}],"collection":[{"href":"https:\/\/elluchador.info\/index.php?rest_route=\/wp\/v2\/posts"}],"about":[{"href":"https:\/\/elluchador.info\/index.php?rest_route=\/wp\/v2\/types\/post"}],"author":[{"embeddable":true,"href":"https:\/\/elluchador.info\/index.php?rest_route=\/wp\/v2\/users\/2"}],"replies":[{"embeddable":true,"href":"https:\/\/elluchador.info\/index.php?rest_route=%2Fwp%2Fv2%2Fcomments&post=203342"}],"version-history":[{"count":1,"href":"https:\/\/elluchador.info\/index.php?rest_route=\/wp\/v2\/posts\/203342\/revisions"}],"predecessor-version":[{"id":203344,"href":"https:\/\/elluchador.info\/index.php?rest_route=\/wp\/v2\/posts\/203342\/revisions\/203344"}],"wp:featuredmedia":[{"embeddable":true,"href":"https:\/\/elluchador.info\/index.php?rest_route=\/wp\/v2\/media\/203343"}],"wp:attachment":[{"href":"https:\/\/elluchador.info\/index.php?rest_route=%2Fwp%2Fv2%2Fmedia&parent=203342"}],"wp:term":[{"taxonomy":"category","embeddable":true,"href":"https:\/\/elluchador.info\/index.php?rest_route=%2Fwp%2Fv2%2Fcategories&post=203342"},{"taxonomy":"post_tag","embeddable":true,"href":"https:\/\/elluchador.info\/index.php?rest_route=%2Fwp%2Fv2%2Ftags&post=203342"}],"curies":[{"name":"wp","href":"https:\/\/api.w.org\/{rel}","templated":true}]}}