{"id":203349,"date":"2021-12-01T17:59:30","date_gmt":"2021-12-01T21:59:30","guid":{"rendered":"https:\/\/elluchador.info\/web\/?p=203349"},"modified":"2021-12-01T17:59:31","modified_gmt":"2021-12-01T21:59:31","slug":"oms-teme-que-vacunas-pierdan-eficacia-ante-omicron","status":"publish","type":"post","link":"https:\/\/elluchador.info\/?p=203349","title":{"rendered":"OMS teme que vacunas pierdan eficacia ante \u00f3micron"},"content":{"rendered":"\n<p>En su informe epidemiol\u00f3gico semanal, la OMS, que por ahora ha recibido notificaciones de casos de la nueva variante desde 23 pa\u00edses, indica que algunas mutaciones de \u00f3micron \u00abpodr\u00edan aumentar su capacidad de transmisi\u00f3n y\/o permitirle cierto grado de escape a la inmunidad\u00bb.<\/p>\n\n\n\n<p>&nbsp;La Organizaci\u00f3n Mundial de la Salud (OMS) reconoci\u00f3 que las vacunas anticovid podr\u00edan ser menos eficaces ante la nueva variante \u00f3micron, aunque insisti\u00f3 en que no debe cundir la alarma, aclarando que seguir\u00edan protegiendo de formas graves de la enfermedad.<\/p>\n\n\n\n<p>En otras palabras, se cree que las vacunas existentes -que adem\u00e1s pueden ser modificadas en los pr\u00f3ximos meses para adaptarse a la variante \u00f3micron- pueden ser menos eficaces a la hora de prevenir el simple contagio de COVID-19.<\/p>\n\n\n\n<p>Ello ya ocurri\u00f3 con la variante delta, que desde que se ha convertido en la dominante en el mundo (m\u00e1s de un 99 % de los casos globales actuales) redujo la protecci\u00f3n ante contagios del 60 al 40 por ciento, seg\u00fan indic\u00f3 la semana pasada la propia OMS.<\/p>\n\n\n\n<p>EFE<\/p>\n","protected":false},"excerpt":{"rendered":"<p>En su informe epidemiol\u00f3gico semanal, la OMS, que por ahora ha recibido notificaciones de casos de la nueva variante desde 23 pa\u00edses, indica que algunas mutaciones de \u00f3micron \u00abpodr\u00edan aumentar su capacidad de transmisi\u00f3n y\/o permitirle cierto grado de escape a la inmunidad\u00bb. &nbsp;La Organizaci\u00f3n Mundial de la Salud (OMS) reconoci\u00f3 que las vacunas anticovid [&hellip;]<\/p>\n","protected":false},"author":2,"featured_media":202548,"comment_status":"closed","ping_status":"closed","sticky":false,"template":"","format":"standard","meta":{"footnotes":""},"categories":[5,19],"tags":[],"class_list":{"0":"post-203349","1":"post","2":"type-post","3":"status-publish","4":"format-standard","5":"has-post-thumbnail","7":"category-destacado","8":"category-salud"},"_links":{"self":[{"href":"https:\/\/elluchador.info\/index.php?rest_route=\/wp\/v2\/posts\/203349","targetHints":{"allow":["GET"]}}],"collection":[{"href":"https:\/\/elluchador.info\/index.php?rest_route=\/wp\/v2\/posts"}],"about":[{"href":"https:\/\/elluchador.info\/index.php?rest_route=\/wp\/v2\/types\/post"}],"author":[{"embeddable":true,"href":"https:\/\/elluchador.info\/index.php?rest_route=\/wp\/v2\/users\/2"}],"replies":[{"embeddable":true,"href":"https:\/\/elluchador.info\/index.php?rest_route=%2Fwp%2Fv2%2Fcomments&post=203349"}],"version-history":[{"count":1,"href":"https:\/\/elluchador.info\/index.php?rest_route=\/wp\/v2\/posts\/203349\/revisions"}],"predecessor-version":[{"id":203350,"href":"https:\/\/elluchador.info\/index.php?rest_route=\/wp\/v2\/posts\/203349\/revisions\/203350"}],"wp:featuredmedia":[{"embeddable":true,"href":"https:\/\/elluchador.info\/index.php?rest_route=\/wp\/v2\/media\/202548"}],"wp:attachment":[{"href":"https:\/\/elluchador.info\/index.php?rest_route=%2Fwp%2Fv2%2Fmedia&parent=203349"}],"wp:term":[{"taxonomy":"category","embeddable":true,"href":"https:\/\/elluchador.info\/index.php?rest_route=%2Fwp%2Fv2%2Fcategories&post=203349"},{"taxonomy":"post_tag","embeddable":true,"href":"https:\/\/elluchador.info\/index.php?rest_route=%2Fwp%2Fv2%2Ftags&post=203349"}],"curies":[{"name":"wp","href":"https:\/\/api.w.org\/{rel}","templated":true}]}}