{"id":203374,"date":"2021-12-02T08:38:55","date_gmt":"2021-12-02T12:38:55","guid":{"rendered":"https:\/\/elluchador.info\/web\/?p=203374"},"modified":"2021-12-02T08:38:58","modified_gmt":"2021-12-02T12:38:58","slug":"venezuela-reporto-569-casos-nuevos-y-seis-muertes-por-covid-19-bolivar-en-tercer-lugar-con-mas-contagios","status":"publish","type":"post","link":"https:\/\/elluchador.info\/?p=203374","title":{"rendered":"Venezuela report\u00f3 569 casos nuevos y seis muertes por Covid-19, Bol\u00edvar en tercer lugar con m\u00e1s contagios"},"content":{"rendered":"\n<p>Venezuela report\u00f3 569 casos nuevos de Covid-19 en las \u00faltimas 24 horas, elevando a &nbsp;432.514 &nbsp;el total acumulado de contagios confirmados mientras que la tasa de recuperados se mantiene en 97%.<\/p>\n\n\n\n<p>As\u00ed lo dio a conocer este mi\u00e9rcoles el vicepresidente sectorial de Comunicaci\u00f3n, Cultura y Turismo Freddy \u00d1\u00e1\u00f1ez, durante el acostumbrado balance diario que ofrece la Comisi\u00f3n Presidencial para el Control y la Prevenci\u00f3n de la COVID-19 a trav\u00e9s de su cuenta en la red social Twitter, @luchaalmada.<\/p>\n\n\n\n<p>Inform\u00f3 que los casos comunitarios de la jornada se detectaron en 21 estados del pa\u00eds: M\u00e9rida (180), Falc\u00f3n (82), Bol\u00edvar (75), Zulia (66), Trujillo (39), Yaracuy (35), T\u00e1chira (20), Caracas (14), Lara (13), Monagas (09), Aragua (08), Gu\u00e1rico (06), Carabobo (05), Miranda (05), Portuguesa (04), Cojedes (02), Delta Amacuro (02), Apure (01),Anzo\u00e1tegui (01), La Guaira (01) y Barinas (01).<\/p>\n\n\n\n<p>La entidad con mayor cantidad de contagios en la jornada es&nbsp;<strong>M\u00e9rida<\/strong>&nbsp;con 178 casos en 14 de sus 23 municipios: 58 Campo El\u00edas, 48 Sucre, 37 Libertador, 9 Rangel (San Rafael), 8 Santos Marquina, 5 Arzobispo Chac\u00f3n, 4 Pueblo Llano, 2 Cardenal Quintero, 2 Tovar (El Llano), 1 Obispo Ramos de Lora (Eloy Paredes), 1 Guaraque (R\u00edo Negro), 1 Zea, 1 Andr\u00e9s Bello y 1 Alberto Adriani (Presidente Betancourt) y&nbsp;<strong>2 residentes de Miranda, captados en M\u00e9rida.<\/strong><\/p>\n\n\n\n<h3 class=\"wp-block-heading\">Seis muertes<\/h3>\n\n\n\n<p>Report\u00f3 el lamentable fallecimiento de 6 nuevas v\u00edctimas del Covid-19:<\/p>\n\n\n\n<ul class=\"wp-block-list\"><li>3 en Bol\u00edvar: 1 hombre de 61 y 2 mujeres de 73 y 71 a\u00f1os<\/li><li>2 de Anzo\u00e1tegui: mujeres de 63 y 52 a\u00f1os<\/li><li>1 de Portuguesa: mujer de 72 a\u00f1os<\/li><\/ul>\n\n\n\n<h3 class=\"wp-block-heading\">Cifras generales<\/h3>\n\n\n\n<p>En la semana 90 y d\u00eda 626 de pandemia en nuestro pa\u00eds, estas son sus estad\u00edsticas generales:<\/p>\n\n\n\n<ul class=\"wp-block-list\"><li>Total de contagios: 432.514<\/li><li>Pacientes recuperados: 419.724 (97%)<\/li><li>Casos activos actuales: 7.629<\/li><li>6.815 est\u00e1n siendo atendidos en el Sistema P\u00fablico de Salud y 814 en cl\u00ednicas privadas<\/li><li>4.693 pacientes que se encuentran Asintom\u00e1ticos, 2.407 con Insuficiencia Respiratoria Aguda leve, 426 con Insuficiencia Respiratoria Aguda Moderada y 103 en la Unidad de Cuidados Intensivos<\/li><li>5161 Fallecidos<\/li><\/ul>\n\n\n\n<p><strong>Con informaci\u00f3n de VTV<\/strong><\/p>\n","protected":false},"excerpt":{"rendered":"<p>Venezuela report\u00f3 569 casos nuevos de Covid-19 en las \u00faltimas 24 horas, elevando a &nbsp;432.514 &nbsp;el total acumulado de contagios confirmados mientras que la tasa de recuperados se mantiene en 97%. As\u00ed lo dio a conocer este mi\u00e9rcoles el vicepresidente sectorial de Comunicaci\u00f3n, Cultura y Turismo Freddy \u00d1\u00e1\u00f1ez, durante el acostumbrado balance diario que ofrece [&hellip;]<\/p>\n","protected":false},"author":2,"featured_media":201832,"comment_status":"closed","ping_status":"closed","sticky":false,"template":"","format":"standard","meta":{"footnotes":""},"categories":[5,9],"tags":[],"class_list":{"0":"post-203374","1":"post","2":"type-post","3":"status-publish","4":"format-standard","5":"has-post-thumbnail","7":"category-destacado","8":"category-nacionales"},"_links":{"self":[{"href":"https:\/\/elluchador.info\/index.php?rest_route=\/wp\/v2\/posts\/203374","targetHints":{"allow":["GET"]}}],"collection":[{"href":"https:\/\/elluchador.info\/index.php?rest_route=\/wp\/v2\/posts"}],"about":[{"href":"https:\/\/elluchador.info\/index.php?rest_route=\/wp\/v2\/types\/post"}],"author":[{"embeddable":true,"href":"https:\/\/elluchador.info\/index.php?rest_route=\/wp\/v2\/users\/2"}],"replies":[{"embeddable":true,"href":"https:\/\/elluchador.info\/index.php?rest_route=%2Fwp%2Fv2%2Fcomments&post=203374"}],"version-history":[{"count":1,"href":"https:\/\/elluchador.info\/index.php?rest_route=\/wp\/v2\/posts\/203374\/revisions"}],"predecessor-version":[{"id":203375,"href":"https:\/\/elluchador.info\/index.php?rest_route=\/wp\/v2\/posts\/203374\/revisions\/203375"}],"wp:featuredmedia":[{"embeddable":true,"href":"https:\/\/elluchador.info\/index.php?rest_route=\/wp\/v2\/media\/201832"}],"wp:attachment":[{"href":"https:\/\/elluchador.info\/index.php?rest_route=%2Fwp%2Fv2%2Fmedia&parent=203374"}],"wp:term":[{"taxonomy":"category","embeddable":true,"href":"https:\/\/elluchador.info\/index.php?rest_route=%2Fwp%2Fv2%2Fcategories&post=203374"},{"taxonomy":"post_tag","embeddable":true,"href":"https:\/\/elluchador.info\/index.php?rest_route=%2Fwp%2Fv2%2Ftags&post=203374"}],"curies":[{"name":"wp","href":"https:\/\/api.w.org\/{rel}","templated":true}]}}