{"id":203384,"date":"2021-12-02T11:56:22","date_gmt":"2021-12-02T15:56:22","guid":{"rendered":"https:\/\/elluchador.info\/web\/?p=203384"},"modified":"2021-12-02T11:56:29","modified_gmt":"2021-12-02T15:56:29","slug":"avior-propone-reactivar-vuelos-comercial-entre-venezuela-y-colombia","status":"publish","type":"post","link":"https:\/\/elluchador.info\/?p=203384","title":{"rendered":"Avior propone reactivar vuelos comercial entre Venezuela y Colombia"},"content":{"rendered":"\n<p>Avior Airlines propuso al gobierno de Nicol\u00e1s Maduro la reactivaci\u00f3n del tr\u00e1fico a\u00e9reo comercial entre Venezuela y Colombia, suspendido desde el 13 de marzo de 2020 tras declararse emergencia nacional con la llegada de la pandemia ocasionada por el covid-19.<\/p>\n\n\n\n<p>La compa\u00f1\u00eda inform\u00f3 en un comunicado&nbsp;que el documento fue entregado este lunes al Ministerio para las Relaciones Exteriores; el Ministerio para el Transporte; la Comisi\u00f3n Mixta Parlamentaria Colombo Venezolana de la Asamblea Nacional; y el Instituto Nacional de Aeron\u00e1utica Civil.<\/p>\n\n\n\n<p>Antes de la restricci\u00f3n del tr\u00e1fico a\u00e9reo, en los \u00faltimos 5 a\u00f1os se movilizaron cerca de 1,6 millones de pasajeros. \u00abEstamos dispuestos a aportar desde el punto de vista t\u00e9cnico y humano nuestro mayor esfuerzo para un necesario y pronto reinicio de actividades\u00bb, expres\u00f3 Juan Bracamonte,\u00a0<a href=\"https:\/\/www.avior.com.ve\/\">presidente ejecutivo de la compa\u00f1\u00eda<\/a>.<\/p>\n\n\n\n<p>Bracamonte explic\u00f3 que la b\u00fasqueda de alternativas de viaje por parte del pasajero ha beneficiado el mercado de terceros pa\u00edses, como Panam\u00e1 y Rep\u00fablica Dominicana en detrimento del mercado nacional privado y oficial.<\/p>\n\n\n\n<p>Un an\u00e1lisis de mercado -hecho por la aerol\u00ednea con miras a un potencial reinicio de operaciones entre ambos pa\u00edses- estim\u00f3 que en los pr\u00f3ximos cuatro a\u00f1os se podr\u00edan transportar 1.65 millones de pasajeros entre las empresas locales y extranjeras, de las cuales Avior Airlines estima captar aproximadamente 702.855 pasajeros en funci\u00f3n del desarrollo progresivo de sus operaciones.<\/p>\n\n\n\n<h2 class=\"wp-block-heading\">L\u00edder en el mercado<\/h2>\n\n\n\n<p>Antes de la suspensi\u00f3n de operaciones entre ambos pa\u00edses, Avior Airlines desarroll\u00f3 un itinerario de vuelos para conectar las ciudades de Caracas, Valencia, Maracaibo, y Margarita, con las ciudades colombianas de Medell\u00edn, Bogot\u00e1, Cali y viceversa, ocupando casi 80% de participaci\u00f3n del mercado total.<\/p>\n\n\n\n<p>Bracamonte asegur\u00f3 que el personal y aeronaves de la corporaci\u00f3n est\u00e1n dispuestos y aguardando luz verde de las autoridades nacionales para ampliar sus destinos.<\/p>\n\n\n\n<p>\u00abEstamos pr\u00f3ximos a dar inicio a vuelos hacia Barquisimeto y Puerto Ordaz desde Caracas y muy probablemente El Vigia-Porlamar en vuelo directo, volveremos pronto a M\u00e9xico, v\u00eda Canc\u00fan. As\u00ed mismo, retomaremos operaciones internacionales desde Barcelona con destino a Santo Domingo, Rep\u00fablica Dominicana, ampliando as\u00ed las opciones internacionales\u00bb, dijo.<\/p>\n\n\n\n<p>Bracamonte no descarta que en los pr\u00f3ximos d\u00edas se concreten reuniones con el canciller venezolano en Caracas. \u00abEn Avior apostamos al crecimiento del sector. No ha sido f\u00e1cil en este tiempo de pandemia. Aplaudimos el gran esfuerzo que durante todos estos meses ha realizado el INAC para un regreso seguro y exitoso que redundar\u00e1 en el beneficio de millones de venezolanos\u00bb, finaliz\u00f3.<\/p>\n\n\n\n<p><strong>El Nacional<\/strong><\/p>\n","protected":false},"excerpt":{"rendered":"<p>Avior Airlines propuso al gobierno de Nicol\u00e1s Maduro la reactivaci\u00f3n del tr\u00e1fico a\u00e9reo comercial entre Venezuela y Colombia, suspendido desde el 13 de marzo de 2020 tras declararse emergencia nacional con la llegada de la pandemia ocasionada por el covid-19. La compa\u00f1\u00eda inform\u00f3 en un comunicado&nbsp;que el documento fue entregado este lunes al Ministerio para [&hellip;]<\/p>\n","protected":false},"author":2,"featured_media":203385,"comment_status":"closed","ping_status":"closed","sticky":false,"template":"","format":"standard","meta":{"footnotes":""},"categories":[5,9],"tags":[],"class_list":{"0":"post-203384","1":"post","2":"type-post","3":"status-publish","4":"format-standard","5":"has-post-thumbnail","7":"category-destacado","8":"category-nacionales"},"_links":{"self":[{"href":"https:\/\/elluchador.info\/index.php?rest_route=\/wp\/v2\/posts\/203384","targetHints":{"allow":["GET"]}}],"collection":[{"href":"https:\/\/elluchador.info\/index.php?rest_route=\/wp\/v2\/posts"}],"about":[{"href":"https:\/\/elluchador.info\/index.php?rest_route=\/wp\/v2\/types\/post"}],"author":[{"embeddable":true,"href":"https:\/\/elluchador.info\/index.php?rest_route=\/wp\/v2\/users\/2"}],"replies":[{"embeddable":true,"href":"https:\/\/elluchador.info\/index.php?rest_route=%2Fwp%2Fv2%2Fcomments&post=203384"}],"version-history":[{"count":1,"href":"https:\/\/elluchador.info\/index.php?rest_route=\/wp\/v2\/posts\/203384\/revisions"}],"predecessor-version":[{"id":203386,"href":"https:\/\/elluchador.info\/index.php?rest_route=\/wp\/v2\/posts\/203384\/revisions\/203386"}],"wp:featuredmedia":[{"embeddable":true,"href":"https:\/\/elluchador.info\/index.php?rest_route=\/wp\/v2\/media\/203385"}],"wp:attachment":[{"href":"https:\/\/elluchador.info\/index.php?rest_route=%2Fwp%2Fv2%2Fmedia&parent=203384"}],"wp:term":[{"taxonomy":"category","embeddable":true,"href":"https:\/\/elluchador.info\/index.php?rest_route=%2Fwp%2Fv2%2Fcategories&post=203384"},{"taxonomy":"post_tag","embeddable":true,"href":"https:\/\/elluchador.info\/index.php?rest_route=%2Fwp%2Fv2%2Ftags&post=203384"}],"curies":[{"name":"wp","href":"https:\/\/api.w.org\/{rel}","templated":true}]}}