{"id":203394,"date":"2021-12-02T17:22:39","date_gmt":"2021-12-02T21:22:39","guid":{"rendered":"https:\/\/elluchador.info\/web\/?p=203394"},"modified":"2021-12-02T17:22:41","modified_gmt":"2021-12-02T21:22:41","slug":"cleb-juramento-a-angel-marcano-como-gobernador-del-estado-bolivar-en-presencia-diosdado-cabello","status":"publish","type":"post","link":"https:\/\/elluchador.info\/?p=203394","title":{"rendered":"CLEB jurament\u00f3 a \u00c1ngel Marcano como gobernador del estado Bol\u00edvar en presencia Diosdado Cabello"},"content":{"rendered":"\n<p><strong>&nbsp;<\/strong>Con la alegr\u00eda del pueblo chavista, con la esperanza del renacer del estado Bol\u00edvar y bajo el cielo de la capital hist\u00f3rica, municipio Angostura del Orinoco, este jueves 02 de diciembre fue juramentado \u00c1ngel Marcano como gobernador del estado Bol\u00edvar.<\/p>\n\n\n\n<p>Marcano lleg\u00f3 de la mano de su esposa, la primera combatiente y presidenta de Fundaci\u00f3n Social Bol\u00edvar (FSB), Yajaira Arocha, familiares e integrantes del poder popular de Bol\u00edvar, quienes no dejaban de decir su nombre en se\u00f1al de j\u00fabilo. &nbsp;&nbsp;<\/p>\n\n\n\n<p>El acto se llev\u00f3 a cabo en Sesi\u00f3n Solemne del Consejo Legislativo del estado Bol\u00edvar (Cleb), con presencia del primer vicepresidente del Partido Socialista Unido de Venezuela (Psuv), Diosdado Cabello, del ministro del Proceso Social del Trabajo, Jos\u00e9 Ram\u00f3n Rivero, &nbsp;diputados, alcaldes bolivarianos; Yulisbeth Garc\u00eda, de Piar, Tito Oviedo, de Caron\u00ed, Milthon Tovar, de Cede\u00f1o, Wilhelm Torrelas, de Roscio, y Vicente Rojas, de Sifontes, acompa\u00f1ados de concejales, presidentes de las empresas b\u00e1sicas de Guayana, trabajadores, autoridades universitarias, civiles y militares de la regi\u00f3n.<\/p>\n\n\n\n<p><strong>Juramentado por el pueblo<\/strong><\/p>\n\n\n\n<p>El primer vicepresidente del Partido Socialista Unido de Venezuela (Psuv), Diosdado Cabello, salud\u00f3 y felicit\u00f3 al pueblo de Bol\u00edvar, que a su juicio, fue quien jurament\u00f3 a \u00c1ngel Marcano como Gobernador.<\/p>\n\n\n\n<p>Asegur\u00f3 que el pasado 21 de noviembre los venezolanos fueron a un proceso eleccionario, para escoger a sus gobernadores, alcaldes y legisladores. \u201cAqu\u00ed quien pone a sus l\u00edderes es el pueblo, no es el imperialismo, ni la Uni\u00f3n Europea\u201d.<\/p>\n\n\n\n<p>Destac\u00f3 que el pueblo no se rinde a pesar de los ataques y bloqueos internacionales. \u201cLos venezolanos han sabido ponerse de pie y salir a defender con el voto su democracia y soberan\u00eda\u201d.<\/p>\n\n\n\n<p>\u201cMe alegra mucho que la senda democr\u00e1tica sea respetada por algunos sectores de la oposici\u00f3n, porque al final, somos un pa\u00eds protag\u00f3nico y participativo\u201d.<\/p>\n\n\n\n<p><strong>Nueva forma de gobernar<\/strong><\/p>\n\n\n\n<p>Cabello hizo \u00e9nfasis en el anuncio hecho por el presidente Nicol\u00e1s Maduro, de impulsar una nueva forma de hacer gobierno, \u201cporque para un revolucionario no hay descanso, y eso debemos demostrarlo con trabajo\u201d.<\/p>\n\n\n\n<p>\u201cEl mi\u00e9rcoles el Mandatario Nacional convoc\u00f3 a los gobernadores de oposici\u00f3n al Palacio de Miraflores, lo que demuestra el reconocimiento a estas autoridades regionales y el deseo de trabajar en equipo, para que estos pr\u00f3ximos a\u00f1os sean de paz, progreso y hermandad\u201d.<\/p>\n\n\n\n<p><strong>Revoluci\u00f3n hist\u00f3rica y social<\/strong><\/p>\n\n\n\n<p>Durante su discurso como gobernador juramentado del estado Bol\u00edvar, \u00c1ngel Marcano, agradeci\u00f3 a Dios, al pueblo y a quienes lo acompa\u00f1aron en este acto, en el que asegur\u00f3, tambi\u00e9n tomaron posesi\u00f3n las familias de la regi\u00f3n, que juntos construyeron esta gran victoria.<\/p>\n\n\n\n<p>\u201cTenemos el compromiso de seguir profundizando la revoluci\u00f3n social en nuestra patria bolivariana, hoy llegan a mis pensamientos importantes acontecimientos en el que acompa\u00f1amos al comandante Ch\u00e1vez en febrero de 1999, donde avanzamos en nuestra lucha de liberaci\u00f3n de cualquier dominaci\u00f3n colonial, y ratificamos el periodo de libertad e independencia de Venezuela\u201d.<\/p>\n\n\n\n<p>Destac\u00f3 que en este proceso hist\u00f3rico en el que Venezuela ha venido transitando su libertad, y donde el l\u00edder de la revoluci\u00f3n bolivariana, Hugo Ch\u00e1vez; \u201cjur\u00f3 ante la moribunda Constituci\u00f3n de 1999\u201d, asumi\u00f3 el compromiso junto con la clase trabajadora y el pueblo de Bol\u00edvar, de ir al proceso eleccionario el pasado 21 de noviembre.<\/p>\n\n\n\n<p>\u201cAhora nos toca llevar las riendas del estado Bol\u00edvar, llegamos a cada rinc\u00f3n y elaboramos un diagn\u00f3stico de las necesidades y potencialidades, para avanzar en nuestro proyecto de su renacer\u201d.<\/p>\n\n\n\n<p><strong>\u201cJuro ante ustedes\u201d<\/strong><\/p>\n\n\n\n<p>\u201cAs\u00ed como jur\u00f3 Ch\u00e1vez, ahora me toca jurar ante ustedes y todos juntos, como pueblo, juramos que no abandonaremos el combate, ni la lucha, que seguiremos con nuestra unidad, para resolver todos los problemas que presenta el estado Bol\u00edvar y avanzar hacia su renacer.<\/p>\n\n\n\n<p>Iremos hasta el \u00faltimo rinc\u00f3n a llevar atenci\u00f3n a cada compa\u00f1ero, a las instituciones, a nuestros abuelos y a todo el pueblo del estado Bol\u00edvar, para que tengamos garantizadas las condiciones sociales, materiales y espirituales, que nos permitan desarrollarnos plenamente como seres humanos y como sociedad humana\u201d. Jur\u00f3, Marcano.<\/p>\n\n\n\n<p>El gobernador del estado Bol\u00edvar jur\u00f3 desde el texto Constitucional, que todos los \u00f3rganos ser\u00e1n integrados desde cada comunidad y cada f\u00e1brica, para cumplir con el sue\u00f1o de Hugo Ch\u00e1vez y con cada uno de los compromisos que asumi\u00f3 con el pueblo.<\/p>\n\n\n\n<p>\u201cJuro ante mi amada madre, ante mi padre, que est\u00e1n conmigo en mis convicciones y pensamientos y en mi amor hacia el pueblo, que luchar\u00e9 por el bienestar y desarrollo de esta tierra que Dios nos regal\u00f3. Juro que seguir\u00e9 siendo fiel y leal a nuestra patria, Venezuela. Hasta la victoria siempre\u201d.<\/p>\n\n\n\n<p><strong>Bol\u00edvar tiene Gobernador obrero<\/strong><\/p>\n\n\n\n<p>Por su parte, Armando Barreto, presidente del Cleb, calific\u00f3 la Sesi\u00f3n Solemne de juramentaci\u00f3n como hist\u00f3rica, porque por primera vez, el estado Bol\u00edvar tiene un Gobernador obrero, que viene del pueblo, de las empresas b\u00e1sicas de Guayana y que conoce todas las necesidades de la regi\u00f3n.<\/p>\n\n\n\n<p>\u201cEl pueblo del estado Bol\u00edvar est\u00e1 contento y esperanzado, porque \u00c1ngel Marcano est\u00e1 al frente del proyecto del renacer de esta regi\u00f3n llena de bondades, los diputados del Cleb estamos listos para acompa\u00f1ar a nuestro Gobernador en cada una de sus tareas y trabajar por el avance y desarrollo de Bol\u00edvar\u201d.<\/p>\n\n\n\n<figure class=\"wp-block-image size-large\"><img loading=\"lazy\" decoding=\"async\" width=\"1080\" height=\"720\" src=\"https:\/\/elluchador.info\/web\/wp-content\/uploads\/2021\/12\/IMG-20211202-WA0076.jpg\" alt=\"\" class=\"wp-image-203395\" srcset=\"https:\/\/elluchador.info\/wp-content\/uploads\/2021\/12\/IMG-20211202-WA0076.jpg 1080w, https:\/\/elluchador.info\/wp-content\/uploads\/2021\/12\/IMG-20211202-WA0076-300x200.jpg 300w, https:\/\/elluchador.info\/wp-content\/uploads\/2021\/12\/IMG-20211202-WA0076-1024x683.jpg 1024w, https:\/\/elluchador.info\/wp-content\/uploads\/2021\/12\/IMG-20211202-WA0076-768x512.jpg 768w, https:\/\/elluchador.info\/wp-content\/uploads\/2021\/12\/IMG-20211202-WA0076-630x420.jpg 630w, https:\/\/elluchador.info\/wp-content\/uploads\/2021\/12\/IMG-20211202-WA0076-640x427.jpg 640w, https:\/\/elluchador.info\/wp-content\/uploads\/2021\/12\/IMG-20211202-WA0076-681x454.jpg 681w\" sizes=\"auto, (max-width: 1080px) 100vw, 1080px\" \/><\/figure>\n\n\n\n<figure class=\"wp-block-table\"><table><tbody><tr><td><strong>PRENSA ANGEL MARCANO<\/strong><\/td><\/tr><\/tbody><\/table><\/figure>\n","protected":false},"excerpt":{"rendered":"<p>&nbsp;Con la alegr\u00eda del pueblo chavista, con la esperanza del renacer del estado Bol\u00edvar y bajo el cielo de la capital hist\u00f3rica, municipio Angostura del Orinoco, este jueves 02 de diciembre fue juramentado \u00c1ngel Marcano como gobernador del estado Bol\u00edvar. Marcano lleg\u00f3 de la mano de su esposa, la primera combatiente y presidenta de Fundaci\u00f3n [&hellip;]<\/p>\n","protected":false},"author":2,"featured_media":203396,"comment_status":"closed","ping_status":"closed","sticky":false,"template":"","format":"standard","meta":{"footnotes":""},"categories":[5,11],"tags":[],"class_list":{"0":"post-203394","1":"post","2":"type-post","3":"status-publish","4":"format-standard","5":"has-post-thumbnail","7":"category-destacado","8":"category-politica"},"_links":{"self":[{"href":"https:\/\/elluchador.info\/index.php?rest_route=\/wp\/v2\/posts\/203394","targetHints":{"allow":["GET"]}}],"collection":[{"href":"https:\/\/elluchador.info\/index.php?rest_route=\/wp\/v2\/posts"}],"about":[{"href":"https:\/\/elluchador.info\/index.php?rest_route=\/wp\/v2\/types\/post"}],"author":[{"embeddable":true,"href":"https:\/\/elluchador.info\/index.php?rest_route=\/wp\/v2\/users\/2"}],"replies":[{"embeddable":true,"href":"https:\/\/elluchador.info\/index.php?rest_route=%2Fwp%2Fv2%2Fcomments&post=203394"}],"version-history":[{"count":1,"href":"https:\/\/elluchador.info\/index.php?rest_route=\/wp\/v2\/posts\/203394\/revisions"}],"predecessor-version":[{"id":203397,"href":"https:\/\/elluchador.info\/index.php?rest_route=\/wp\/v2\/posts\/203394\/revisions\/203397"}],"wp:featuredmedia":[{"embeddable":true,"href":"https:\/\/elluchador.info\/index.php?rest_route=\/wp\/v2\/media\/203396"}],"wp:attachment":[{"href":"https:\/\/elluchador.info\/index.php?rest_route=%2Fwp%2Fv2%2Fmedia&parent=203394"}],"wp:term":[{"taxonomy":"category","embeddable":true,"href":"https:\/\/elluchador.info\/index.php?rest_route=%2Fwp%2Fv2%2Fcategories&post=203394"},{"taxonomy":"post_tag","embeddable":true,"href":"https:\/\/elluchador.info\/index.php?rest_route=%2Fwp%2Fv2%2Ftags&post=203394"}],"curies":[{"name":"wp","href":"https:\/\/api.w.org\/{rel}","templated":true}]}}