{"id":203481,"date":"2021-12-03T10:38:33","date_gmt":"2021-12-03T14:38:33","guid":{"rendered":"https:\/\/elluchador.info\/web\/?p=203481"},"modified":"2021-12-03T10:38:39","modified_gmt":"2021-12-03T14:38:39","slug":"estiman-que-la-crisis-de-migrantes-venezolanos-para-2022-sea-la-mas-grande-del-mundo","status":"publish","type":"post","link":"https:\/\/elluchador.info\/?p=203481","title":{"rendered":"Estiman que la crisis de migrantes venezolanos para 2022 sea la m\u00e1s grande del mundo"},"content":{"rendered":"\n<p>El comisionado de la Organizaci\u00f3n de Estados Americanos para la crisis migratoria venezolana,&nbsp;<a href=\"https:\/\/twitter.com\/dsmolansky?ref_src=twsrc%5Egoogle%7Ctwcamp%5Eserp%7Ctwgr%5Eauthor\">David Smolansky<\/a>, record\u00f3 este jueves que pronto habr\u00e1 m\u00e1s migrantes y refugiados venezolanos que de cualquier otro pa\u00eds, incluidos pa\u00edses en guerra como Siria.<\/p>\n\n\n\n<p>\u00abLa crisis de migrantes y refugiados venezolanos para 2022 proyecta ser la m\u00e1s grande del mundo; va a haber m\u00e1s migrantes venezolanos que sirios\u00bb, dijo Smolansky durante su intervenci\u00f3n virtual en el panel \u00abRefugiados y movimientos migratorios durante crisis econ\u00f3micas y conflictos pol\u00edticos\u00bb, celebrado este jueves en el Congreso Mundial de Juristas que se lleva a cabo en la ciudad colombiana de Barranquilla.<\/p>\n\n\n\n<p>Eso supone -incidi\u00f3 el comisionado- que \u00abla ausencia de libertades, la ausencia de democracia y la ausencia de justicia pueden dejar flujos migratorios mayores que pa\u00edses en guerra\u00bb.<\/p>\n\n\n\n<p>En esos mismos t\u00e9rminos se refiri\u00f3 a la situaci\u00f3n que vive su pa\u00eds el opositor venezolano Leopoldo L\u00f3pez, quien habl\u00f3 de siete millones de migrantes y refugiados venezolanos en el mundo, aunque las cifras de la Plataforma de Coordinaci\u00f3n Interagencial para Refugiados y Migrantes de Venezuela hablan de algo m\u00e1s de 6 millones.<\/p>\n\n\n\n<p>L\u00f3pez subray\u00f3 que el mundo no quiso escuchar cuando la oposici\u00f3n alertaba de la situaci\u00f3n que viv\u00eda Venezuela y as\u00ed lament\u00f3 \u00abla complicidad pasiva del mundo democr\u00e1tico que no le dio prioridad a lo que nosotros est\u00e1bamos denunciando y nos dec\u00edan que est\u00e1bamos exagerando\u00bb.<\/p>\n\n\n\n<p>Y aprovech\u00f3 para \u00abalertar del deterioro ya no solo en Venezuela sino en otros pa\u00edses de la regi\u00f3n\u00bb.<\/p>\n\n\n\n<p>En ese sentido, el abogado colombiano Javier Jaramillo, presidente de Pro Corp, aludi\u00f3 a la situaci\u00f3n en Hait\u00ed, donde 14% de la poblaci\u00f3n ha emigrado \u00abno por guerra o por una dictadura\u00bb, sino por cat\u00e1strofes naturales y por falta de oportunidades econ\u00f3micas.<\/p>\n\n\n\n<p>Los haitianos, que tras atravesar zonas como la peligrosa selva del Dari\u00e9n que separa Colombia y Panam\u00e1, o pa\u00edses como Honduras o M\u00e9xico, son detenidos en la frontera y pasan a formar parte de las 1,7 millones de personas detenidas por Estados Unidos en su \u00abintento de migrar ilegalmente\u00bb.<\/p>\n\n\n\n<p>La migraci\u00f3n se expone a pol\u00edticas cambiantes y a situaciones complicadas donde por cada pa\u00eds que pasan les exponen a diferentes situaciones. Adem\u00e1s, sigue habiendo falta de informaci\u00f3n sobre los canales regulares, seg\u00fan los panelistas.<\/p>\n\n\n\n<p>\u00abSon v\u00edctimas de la falta de pol\u00edticas claras o estables para la migraci\u00f3n\u00bb, dijo el abogado colombiano, que denunci\u00f3 la falta de \u00abpol\u00edticas unificadas\u00bb y asegur\u00f3 que las crisis migratorias se deben tratar desde \u00abuna perspectiva internacional\u00bb.<\/p>\n\n\n\n<p>El XXVII Congreso Mundial de Juristas comenz\u00f3 este jueves en Barranquilla, con m\u00e1s de un centenares de paneles sobre las cuestiones fundamentales que preocupan al mundo actual, y se celebrar\u00e1 hasta el viernes, con la asistencia del rey de Espa\u00f1a, Felipe VI, y autoridades y representantes de todo el mundo.<\/p>\n\n\n\n<p><strong>El Nacional<\/strong><\/p>\n","protected":false},"excerpt":{"rendered":"<p>El comisionado de la Organizaci\u00f3n de Estados Americanos para la crisis migratoria venezolana,&nbsp;David Smolansky, record\u00f3 este jueves que pronto habr\u00e1 m\u00e1s migrantes y refugiados venezolanos que de cualquier otro pa\u00eds, incluidos pa\u00edses en guerra como Siria. \u00abLa crisis de migrantes y refugiados venezolanos para 2022 proyecta ser la m\u00e1s grande del mundo; va a haber [&hellip;]<\/p>\n","protected":false},"author":2,"featured_media":203482,"comment_status":"closed","ping_status":"closed","sticky":false,"template":"","format":"standard","meta":{"footnotes":""},"categories":[9],"tags":[],"class_list":{"0":"post-203481","1":"post","2":"type-post","3":"status-publish","4":"format-standard","5":"has-post-thumbnail","7":"category-nacionales"},"_links":{"self":[{"href":"https:\/\/elluchador.info\/index.php?rest_route=\/wp\/v2\/posts\/203481","targetHints":{"allow":["GET"]}}],"collection":[{"href":"https:\/\/elluchador.info\/index.php?rest_route=\/wp\/v2\/posts"}],"about":[{"href":"https:\/\/elluchador.info\/index.php?rest_route=\/wp\/v2\/types\/post"}],"author":[{"embeddable":true,"href":"https:\/\/elluchador.info\/index.php?rest_route=\/wp\/v2\/users\/2"}],"replies":[{"embeddable":true,"href":"https:\/\/elluchador.info\/index.php?rest_route=%2Fwp%2Fv2%2Fcomments&post=203481"}],"version-history":[{"count":1,"href":"https:\/\/elluchador.info\/index.php?rest_route=\/wp\/v2\/posts\/203481\/revisions"}],"predecessor-version":[{"id":203483,"href":"https:\/\/elluchador.info\/index.php?rest_route=\/wp\/v2\/posts\/203481\/revisions\/203483"}],"wp:featuredmedia":[{"embeddable":true,"href":"https:\/\/elluchador.info\/index.php?rest_route=\/wp\/v2\/media\/203482"}],"wp:attachment":[{"href":"https:\/\/elluchador.info\/index.php?rest_route=%2Fwp%2Fv2%2Fmedia&parent=203481"}],"wp:term":[{"taxonomy":"category","embeddable":true,"href":"https:\/\/elluchador.info\/index.php?rest_route=%2Fwp%2Fv2%2Fcategories&post=203481"},{"taxonomy":"post_tag","embeddable":true,"href":"https:\/\/elluchador.info\/index.php?rest_route=%2Fwp%2Fv2%2Ftags&post=203481"}],"curies":[{"name":"wp","href":"https:\/\/api.w.org\/{rel}","templated":true}]}}