{"id":203495,"date":"2021-12-03T20:34:22","date_gmt":"2021-12-04T00:34:22","guid":{"rendered":"https:\/\/elluchador.info\/web\/?p=203495"},"modified":"2021-12-03T20:34:26","modified_gmt":"2021-12-04T00:34:26","slug":"instalada-nueva-camara-municipal-de-piar","status":"publish","type":"post","link":"https:\/\/elluchador.info\/?p=203495","title":{"rendered":"Instalada nueva C\u00e1mara Municipal de Piar"},"content":{"rendered":"\n<p><strong>&nbsp;<\/strong>La ma\u00f1ana de este viernes se realiz\u00f3 una Sesi\u00f3n Especial, en el Sal\u00f3n Piar, con motivo de la instalaci\u00f3n y juramentaci\u00f3n de la directiva del Concejo Municipal para el periodo 2021-2022, en el acto estuvieron presentes el Poder Popular, UBCH, CLAP, Comunas, invitados especiales y p\u00fablico en general, a pesar de que la alcaldesa reelecta, Yulisbeth Garc\u00eda, no pudo asistir a la Sesi\u00f3n por compromisos mayores, felicit\u00f3 a los concejales y concejalas electos, quien espera que trabajen en pro a la suprema felicidad del pueblo.<\/p>\n\n\n\n<p>La Junta Directiva qued\u00f3 estructurada de esta manera; Ra\u00edza Guedez, asumi\u00f3 la Presidencia de la C\u00e1mara Municipal, V\u00edctor Betancourt, primer Vicepresidente, Manuel Sifontes, segundo vicepresidente, Betania Marchan, secretaria, mientras que los concejales electos principales para el periodo 2021-2022, fueron; Douglas Rivero, Zurirma Prieto, Luis Urbane, Suplentes; Tisbeth Torres, Sara Figuera, Zulett Flores, Joan Guadeli, Carlos Contreras, Jorge Camacho y \u00c1lvaro Ascanio.&nbsp;&nbsp;<\/p>\n\n\n\n<p>Asimismo, los concejales electos por la MUD fueron; Benilde Mollega, Vicdalia Dancona y V\u00edctor Hugo Garrido (Principales), y Suplentes; Jorge Gudi\u00f1o, Isabel Bol\u00edvar y Reinaldo Cordero.<\/p>\n\n\n\n<p><strong>Seguir trabajando<\/strong><\/p>\n\n\n\n<p>De esta manera, la Presidenta de la C\u00e1mara Municipal expres\u00f3 que trabajar\u00e1 desde la sede del Poder Legislativo local, al lado de la alcaldesa reelecta Yulisbeth Garc\u00eda y el resto de los concejales a fin de seguir impulsando la revoluci\u00f3n en Piar de la mano del Presidente Nicol\u00e1s Maduro y gobernador del estado Bol\u00edvar, \u00c1ngel Marcano.<\/p>\n\n\n\n<p>Prensa Alcald\u00eda de Piar\/IZ<\/p>\n","protected":false},"excerpt":{"rendered":"<p>&nbsp;La ma\u00f1ana de este viernes se realiz\u00f3 una Sesi\u00f3n Especial, en el Sal\u00f3n Piar, con motivo de la instalaci\u00f3n y juramentaci\u00f3n de la directiva del Concejo Municipal para el periodo 2021-2022, en el acto estuvieron presentes el Poder Popular, UBCH, CLAP, Comunas, invitados especiales y p\u00fablico en general, a pesar de que la alcaldesa reelecta, [&hellip;]<\/p>\n","protected":false},"author":2,"featured_media":203496,"comment_status":"closed","ping_status":"closed","sticky":false,"template":"","format":"standard","meta":{"footnotes":""},"categories":[5,12],"tags":[],"class_list":{"0":"post-203495","1":"post","2":"type-post","3":"status-publish","4":"format-standard","5":"has-post-thumbnail","7":"category-destacado","8":"category-regionales"},"_links":{"self":[{"href":"https:\/\/elluchador.info\/index.php?rest_route=\/wp\/v2\/posts\/203495","targetHints":{"allow":["GET"]}}],"collection":[{"href":"https:\/\/elluchador.info\/index.php?rest_route=\/wp\/v2\/posts"}],"about":[{"href":"https:\/\/elluchador.info\/index.php?rest_route=\/wp\/v2\/types\/post"}],"author":[{"embeddable":true,"href":"https:\/\/elluchador.info\/index.php?rest_route=\/wp\/v2\/users\/2"}],"replies":[{"embeddable":true,"href":"https:\/\/elluchador.info\/index.php?rest_route=%2Fwp%2Fv2%2Fcomments&post=203495"}],"version-history":[{"count":1,"href":"https:\/\/elluchador.info\/index.php?rest_route=\/wp\/v2\/posts\/203495\/revisions"}],"predecessor-version":[{"id":203497,"href":"https:\/\/elluchador.info\/index.php?rest_route=\/wp\/v2\/posts\/203495\/revisions\/203497"}],"wp:featuredmedia":[{"embeddable":true,"href":"https:\/\/elluchador.info\/index.php?rest_route=\/wp\/v2\/media\/203496"}],"wp:attachment":[{"href":"https:\/\/elluchador.info\/index.php?rest_route=%2Fwp%2Fv2%2Fmedia&parent=203495"}],"wp:term":[{"taxonomy":"category","embeddable":true,"href":"https:\/\/elluchador.info\/index.php?rest_route=%2Fwp%2Fv2%2Fcategories&post=203495"},{"taxonomy":"post_tag","embeddable":true,"href":"https:\/\/elluchador.info\/index.php?rest_route=%2Fwp%2Fv2%2Ftags&post=203495"}],"curies":[{"name":"wp","href":"https:\/\/api.w.org\/{rel}","templated":true}]}}