{"id":203498,"date":"2021-12-03T20:37:41","date_gmt":"2021-12-04T00:37:41","guid":{"rendered":"https:\/\/elluchador.info\/web\/?p=203498"},"modified":"2021-12-03T20:37:46","modified_gmt":"2021-12-04T00:37:46","slug":"gobernador-de-bolivar-juramento-su-gabinete-ejecutivo","status":"publish","type":"post","link":"https:\/\/elluchador.info\/?p=203498","title":{"rendered":"Gobernador de Bol\u00edvar jurament\u00f3 su Gabinete Ejecutivo"},"content":{"rendered":"\n<p>El gobernador del estado Bol\u00edvar, \u00c1ngel Marcano, jurament\u00f3 este viernes 03 de diciembre a quienes lo acompa\u00f1ar\u00e1n en su gesti\u00f3n, en las diferentes secretar\u00edas e institutos aut\u00f3nomos de la Gobernaci\u00f3n.<\/p>\n\n\n\n<p>Luego de su juramentaci\u00f3n ante el Consejo Legislativo del estado Bol\u00edvar (Cleb), el Mandatario regional anunci\u00f3 desde el Palacio de Gobierno en el municipio Angostura del Orinoco, los nombres de las personas que asumir\u00e1n las riendas de la institucionalidad para impulsar su proyecto de gobierno, enfocado en la premisa; \u00abBol\u00edvar renace\u00bb.<\/p>\n\n\n\n<p>Acompa\u00f1ado de la primera combatiente del estado Bol\u00edvar, Yajaira Arocha, quien fue juramentada como presidenta de Fundaci\u00f3n Social Bol\u00edvar (FSB), el gobernador, \u00c1ngel Marcano,&nbsp; hizo el nombramiento y posterior juramentaci\u00f3n de Ovany Aguirre, como secretaria General de Gobierno, Noel Amador, secretario de Despacho, Edgar Colina Reyes, secretario de Seguridad Ciudadana, Dimas Gonz\u00e1lez, secretario de Planificaci\u00f3n y Territorio Productivo Comunal, Simar Aguilera, secretaria de Administraci\u00f3n y Finanzas, Marbelis Rodr\u00edguez, secretaria de Ambiente, Pedro Perales, secretario de Mantenimiento y Servicios Generales.<\/p>\n\n\n\n<p>Tambi\u00e9n quedaron juramentados; Manuel Maurera, presidente del Instituto de Salud P\u00fablica (ISP), Patricia Cabrera, secretaria de Turismo, Shelva Blanco, presidenta de Hidrobol\u00edvar, Omar Goudett, presidente del Instituto de Deporte del estado Bol\u00edvar (Idebol), Brizeida Qui\u00f1ones, secretaria de Educaci\u00f3n, Horacio Alarc\u00f3n, secretario de Comunicaci\u00f3n e Informaci\u00f3n, Miguel Cede\u00f1o, presidente de Maderas del Orinoco, Yanny Alonzo, presidente de Alimentos Bol\u00edvar, Jes\u00fas Brito, presidente de Asfalto Bol\u00edvar, C\u00e9sar Escobar, presidente del Servicio Aut\u00f3nomo A\u00e9reo Regional (SAAR) y Jos\u00e9 Manuel Losada, presidente de Bol\u00edvar Gas.<\/p>\n\n\n\n<p><strong>Juramento y compromiso<br><\/strong><br>Con la mano izquierda levantada, el gobernador del estado Bol\u00edvar, pregunt\u00f3 a los integrantes del nuevo Gabinete Ejecutivo regional, si juraban trabajar por la recuperaci\u00f3n del bienestar social de los bolivarenses, y por el sue\u00f1o de Hugo Ch\u00e1vez, de la mano del presidente obrero, Nicol\u00e1s Maduro.<\/p>\n\n\n\n<p>\u00abJuremos lealtad a nuestro hermano, Nicol\u00e1s Maduro, a pesar de las adversidades, siempre debemos estar a su lado. Ustedes nos acompa\u00f1ar\u00e1n en estos cuatro a\u00f1os de gobierno, estamos planteando en los 100 d\u00edas de gesti\u00f3n, fortalecer el sistema de salud y abordar los distintos hospitales del estado Bol\u00edvar\u00bb.<\/p>\n\n\n\n<p>El Gobernador afirm\u00f3 que Bol\u00edvar es la entidad m\u00e1s potente del pa\u00eds, por esta raz\u00f3n, trabajar\u00e1 para convertirla en el motor principal para el desarrollo industrial de Venezuela.<\/p>\n\n\n\n<p>\u00abEste Gabinete Ejecutivo estar\u00e1 en la calle, impulsando cada uno de los planes de gobierno instruidos por el presidente Nicol\u00e1s Maduro. Tenemos claros los objetivos que debemos alcanzar en este periodo, son 100 d\u00edas de arduo trabajo en \u00e1reas muy espec\u00edficas como la salud, ante la lucha contra el Covid-19\u00bb. Dijo, Marcano.<\/p>\n\n\n\n<p><strong><br>Equipo del renacer<br><\/strong><br>El Gobernador enfatiz\u00f3 que todo el Gabinete debe ponerse al servicio del pueblo, tomar las calles y cumplir con el lema \u201cBol\u00edvar renace\u201d.<\/p>\n\n\n\n<p>\u00abLes hago un llamado especial, vamos juntos a gobernar con el poder popular, haciendo diagn\u00f3sticos y planteando soluciones. Creemos en nuestro pueblo, escucharemos siempre a nuestra gente y avanzaremos con y para ellos\u00bb. Finaliz\u00f3 Marcano.<\/p>\n\n\n\n<p><strong>Angostura del Orinoco<\/strong><\/p>\n","protected":false},"excerpt":{"rendered":"<p>El gobernador del estado Bol\u00edvar, \u00c1ngel Marcano, jurament\u00f3 este viernes 03 de diciembre a quienes lo acompa\u00f1ar\u00e1n en su gesti\u00f3n, en las diferentes secretar\u00edas e institutos aut\u00f3nomos de la Gobernaci\u00f3n. Luego de su juramentaci\u00f3n ante el Consejo Legislativo del estado Bol\u00edvar (Cleb), el Mandatario regional anunci\u00f3 desde el Palacio de Gobierno en el municipio Angostura [&hellip;]<\/p>\n","protected":false},"author":2,"featured_media":203499,"comment_status":"closed","ping_status":"closed","sticky":false,"template":"","format":"standard","meta":{"footnotes":""},"categories":[5,11,12],"tags":[],"class_list":{"0":"post-203498","1":"post","2":"type-post","3":"status-publish","4":"format-standard","5":"has-post-thumbnail","7":"category-destacado","8":"category-politica","9":"category-regionales"},"_links":{"self":[{"href":"https:\/\/elluchador.info\/index.php?rest_route=\/wp\/v2\/posts\/203498","targetHints":{"allow":["GET"]}}],"collection":[{"href":"https:\/\/elluchador.info\/index.php?rest_route=\/wp\/v2\/posts"}],"about":[{"href":"https:\/\/elluchador.info\/index.php?rest_route=\/wp\/v2\/types\/post"}],"author":[{"embeddable":true,"href":"https:\/\/elluchador.info\/index.php?rest_route=\/wp\/v2\/users\/2"}],"replies":[{"embeddable":true,"href":"https:\/\/elluchador.info\/index.php?rest_route=%2Fwp%2Fv2%2Fcomments&post=203498"}],"version-history":[{"count":1,"href":"https:\/\/elluchador.info\/index.php?rest_route=\/wp\/v2\/posts\/203498\/revisions"}],"predecessor-version":[{"id":203500,"href":"https:\/\/elluchador.info\/index.php?rest_route=\/wp\/v2\/posts\/203498\/revisions\/203500"}],"wp:featuredmedia":[{"embeddable":true,"href":"https:\/\/elluchador.info\/index.php?rest_route=\/wp\/v2\/media\/203499"}],"wp:attachment":[{"href":"https:\/\/elluchador.info\/index.php?rest_route=%2Fwp%2Fv2%2Fmedia&parent=203498"}],"wp:term":[{"taxonomy":"category","embeddable":true,"href":"https:\/\/elluchador.info\/index.php?rest_route=%2Fwp%2Fv2%2Fcategories&post=203498"},{"taxonomy":"post_tag","embeddable":true,"href":"https:\/\/elluchador.info\/index.php?rest_route=%2Fwp%2Fv2%2Ftags&post=203498"}],"curies":[{"name":"wp","href":"https:\/\/api.w.org\/{rel}","templated":true}]}}