{"id":203546,"date":"2021-12-04T12:55:00","date_gmt":"2021-12-04T16:55:00","guid":{"rendered":"https:\/\/elluchador.info\/web\/?p=203546"},"modified":"2021-12-04T12:42:38","modified_gmt":"2021-12-04T16:42:38","slug":"primer-caso-de-omicron-en-estado-brasileno-fronterizo-con-uruguay-y-argentina","status":"publish","type":"post","link":"https:\/\/elluchador.info\/?p=203546","title":{"rendered":"Primer caso de \u00f3micron en estado brasile\u00f1o fronterizo con Uruguay y Argentina"},"content":{"rendered":"\n<p>Las autoridades del estado brasile\u00f1o de Rio Grande do Sul, fronterizo con Uruguay y Argentina, anunciaron este viernes el primer caso de la variante \u00f3micron del coronavirus en su territorio, con lo que se elevan a seis el n\u00famero de infectados con esta cepa en todo Brasil.<\/p>\n\n\n\n<p>La Secretar\u00eda de Salud regional confirm\u00f3 en una nota que el positivo corresponde a \u00abuna mujer residente en Santa Cruz do Sul\u00bb -a unos 150 kil\u00f3metros de distancia de Porto Alegre-, que \u00abvolvi\u00f3 de viaje de Sud\u00e1frica en la \u00faltima semana\u00bb.<\/p>\n\n\n\n<p>EFE<\/p>\n","protected":false},"excerpt":{"rendered":"<p>Las autoridades del estado brasile\u00f1o de Rio Grande do Sul, fronterizo con Uruguay y Argentina, anunciaron este viernes el primer caso de la variante \u00f3micron del coronavirus en su territorio, con lo que se elevan a seis el n\u00famero de infectados con esta cepa en todo Brasil. La Secretar\u00eda de Salud regional confirm\u00f3 en una [&hellip;]<\/p>\n","protected":false},"author":2,"featured_media":203547,"comment_status":"closed","ping_status":"closed","sticky":false,"template":"","format":"standard","meta":{"footnotes":""},"categories":[8],"tags":[],"class_list":{"0":"post-203546","1":"post","2":"type-post","3":"status-publish","4":"format-standard","5":"has-post-thumbnail","7":"category-internacionales"},"_links":{"self":[{"href":"https:\/\/elluchador.info\/index.php?rest_route=\/wp\/v2\/posts\/203546","targetHints":{"allow":["GET"]}}],"collection":[{"href":"https:\/\/elluchador.info\/index.php?rest_route=\/wp\/v2\/posts"}],"about":[{"href":"https:\/\/elluchador.info\/index.php?rest_route=\/wp\/v2\/types\/post"}],"author":[{"embeddable":true,"href":"https:\/\/elluchador.info\/index.php?rest_route=\/wp\/v2\/users\/2"}],"replies":[{"embeddable":true,"href":"https:\/\/elluchador.info\/index.php?rest_route=%2Fwp%2Fv2%2Fcomments&post=203546"}],"version-history":[{"count":1,"href":"https:\/\/elluchador.info\/index.php?rest_route=\/wp\/v2\/posts\/203546\/revisions"}],"predecessor-version":[{"id":203548,"href":"https:\/\/elluchador.info\/index.php?rest_route=\/wp\/v2\/posts\/203546\/revisions\/203548"}],"wp:featuredmedia":[{"embeddable":true,"href":"https:\/\/elluchador.info\/index.php?rest_route=\/wp\/v2\/media\/203547"}],"wp:attachment":[{"href":"https:\/\/elluchador.info\/index.php?rest_route=%2Fwp%2Fv2%2Fmedia&parent=203546"}],"wp:term":[{"taxonomy":"category","embeddable":true,"href":"https:\/\/elluchador.info\/index.php?rest_route=%2Fwp%2Fv2%2Fcategories&post=203546"},{"taxonomy":"post_tag","embeddable":true,"href":"https:\/\/elluchador.info\/index.php?rest_route=%2Fwp%2Fv2%2Ftags&post=203546"}],"curies":[{"name":"wp","href":"https:\/\/api.w.org\/{rel}","templated":true}]}}