{"id":203611,"date":"2021-12-06T18:19:16","date_gmt":"2021-12-06T22:19:16","guid":{"rendered":"https:\/\/elluchador.info\/web\/?p=203611"},"modified":"2021-12-06T18:19:18","modified_gmt":"2021-12-06T22:19:18","slug":"en-soledad-farmacia-movil-fenix-llega-hoy-a-villa-karina","status":"publish","type":"post","link":"https:\/\/elluchador.info\/?p=203611","title":{"rendered":"En Soledad, farmacia m\u00f3vil F\u00e9nix llega hoy a Villa Kari\u00f1a"},"content":{"rendered":"\n<p>Para continuar atendiendo a la poblaci\u00f3n de Soledad,municipio Independencia del estado Anzo\u00e1tegui, llega hoy martes la unidad de Farmacia M\u00f3vil F\u00e9nix, gracias a la gesti\u00f3n realizada por el alcalde reelecto Carlos Rafael Vidal.<\/p>\n\n\n\n<p><br>La informaci\u00f3n fue suministrada por Jhonzul Calder\u00f3n,director municipal del Frente Francisco de\u00a0 Miranda (FFM), quien se\u00f1al\u00f3 que se espera que la unidad m\u00f3vil de farmacia se ubique en el Urbanismo de la GMVV Villa Kari\u00f1a, para atender a la poblaci\u00f3n de este sector y en general a todos los que se acerquen a partir de las 8:00 de la ma\u00f1ana de hoy a comprar medicinas a precio justo.<\/p>\n\n\n\n<p><br>Las Farmacias M\u00f3viles F\u00e9nix, nacieron a trav\u00e9s de la articulaci\u00f3n entre la Fuerza Armada Nacional Bolivariana (FANB),el ejecutivo Nacional a trav\u00e9s del Ministerio del Poder Popular para el Comercio Nacional, Gobernaci\u00f3n, las diferentes alcald\u00edas y la empresa privada, con el objetivo de llevar medicamentos para patolog\u00edas cr\u00f3nicas y agudas a la poblaci\u00f3n que as\u00ed lo requiera a precios que est\u00e1n entre 60% y 70% por debajo del precio en farmacias comerciales<strong>.<\/strong><\/p>\n\n\n\n<p><strong> (Prensa Alcald\u00eda de Independencia\/RCM)<\/strong><\/p>\n","protected":false},"excerpt":{"rendered":"<p>Para continuar atendiendo a la poblaci\u00f3n de Soledad,municipio Independencia del estado Anzo\u00e1tegui, llega hoy martes la unidad de Farmacia M\u00f3vil F\u00e9nix, gracias a la gesti\u00f3n realizada por el alcalde reelecto Carlos Rafael Vidal. La informaci\u00f3n fue suministrada por Jhonzul Calder\u00f3n,director municipal del Frente Francisco de\u00a0 Miranda (FFM), quien se\u00f1al\u00f3 que se espera que la unidad [&hellip;]<\/p>\n","protected":false},"author":2,"featured_media":203612,"comment_status":"closed","ping_status":"closed","sticky":false,"template":"","format":"standard","meta":{"footnotes":""},"categories":[5,12],"tags":[],"class_list":{"0":"post-203611","1":"post","2":"type-post","3":"status-publish","4":"format-standard","5":"has-post-thumbnail","7":"category-destacado","8":"category-regionales"},"_links":{"self":[{"href":"https:\/\/elluchador.info\/index.php?rest_route=\/wp\/v2\/posts\/203611","targetHints":{"allow":["GET"]}}],"collection":[{"href":"https:\/\/elluchador.info\/index.php?rest_route=\/wp\/v2\/posts"}],"about":[{"href":"https:\/\/elluchador.info\/index.php?rest_route=\/wp\/v2\/types\/post"}],"author":[{"embeddable":true,"href":"https:\/\/elluchador.info\/index.php?rest_route=\/wp\/v2\/users\/2"}],"replies":[{"embeddable":true,"href":"https:\/\/elluchador.info\/index.php?rest_route=%2Fwp%2Fv2%2Fcomments&post=203611"}],"version-history":[{"count":1,"href":"https:\/\/elluchador.info\/index.php?rest_route=\/wp\/v2\/posts\/203611\/revisions"}],"predecessor-version":[{"id":203613,"href":"https:\/\/elluchador.info\/index.php?rest_route=\/wp\/v2\/posts\/203611\/revisions\/203613"}],"wp:featuredmedia":[{"embeddable":true,"href":"https:\/\/elluchador.info\/index.php?rest_route=\/wp\/v2\/media\/203612"}],"wp:attachment":[{"href":"https:\/\/elluchador.info\/index.php?rest_route=%2Fwp%2Fv2%2Fmedia&parent=203611"}],"wp:term":[{"taxonomy":"category","embeddable":true,"href":"https:\/\/elluchador.info\/index.php?rest_route=%2Fwp%2Fv2%2Fcategories&post=203611"},{"taxonomy":"post_tag","embeddable":true,"href":"https:\/\/elluchador.info\/index.php?rest_route=%2Fwp%2Fv2%2Ftags&post=203611"}],"curies":[{"name":"wp","href":"https:\/\/api.w.org\/{rel}","templated":true}]}}