{"id":203625,"date":"2021-12-06T18:42:24","date_gmt":"2021-12-06T22:42:24","guid":{"rendered":"https:\/\/elluchador.info\/web\/?p=203625"},"modified":"2021-12-06T18:42:26","modified_gmt":"2021-12-06T22:42:26","slug":"arreaza-formaliza-su-candidatura-en-barinas","status":"publish","type":"post","link":"https:\/\/elluchador.info\/?p=203625","title":{"rendered":"Arreaza formaliza su candidatura en Barinas"},"content":{"rendered":"\n<p>El ministro de Industrias, Jorge Arreaza, anunci\u00f3 la tarde de este lunes, 6 de diciembre, que formalizar\u00e1 su candidatura a la Gobernaci\u00f3n de Barinas ante el Consejo Nacional Electoral \u00abpara abrir una nueva etapa\u00bb en esa entidad.&nbsp;<\/p>\n\n\n\n<p>\u00abQuerido pueblo de Barinas, ya estamos a punto de salir para encontrarme con ustedes y llegar hasta el CNE, para que la candidatura de la patria, la candidatura de Ch\u00e1vez, del pueblo, es decir, tu candidatura, sea formalizada y as\u00ed podamos abrir esta nueva etapa, este nuevo camino, escuchando al pueblo y obedeciendo al pueblo\u00bb, dijo Arreaza en un contacto telef\u00f3nico con VTV.&nbsp;<\/p>\n\n\n\n<p>El excanciller pidi\u00f3 a los partidos \u00abde la revoluci\u00f3n\u00bb que lo acompa\u00f1en en la inscripci\u00f3n de su candidatura, con la que espera \u00abcumplirle a Barinas\u00bb y \u00abconsolidar al poder popular\u00bb.&nbsp;<\/p>\n\n\n\n<p>Vale recordar que las elecciones en Barinas se repetir\u00e1n el 9 de enero de 2022, por decisi\u00f3n del TSJ, ante la inhabilitaci\u00f3n de Freddy Superlano, pese a que el candidato de la MUD gan\u00f3 en la \u00abcuna del chavismo\u00bb el pasado 21 de noviembre.&nbsp;<\/p>\n\n\n\n<p>Superlano se midi\u00f3 en esa contienda electoral con el hermano de Hugo Ch\u00e1vez, Argenis Ch\u00e1vez Fr\u00edas, quien ante la coyuntura pol\u00edtica en la entidad, decidi\u00f3 renunciar a la candidatura y dej\u00f3 que el Psuv decidiera un mejor candidato para el 9 de enero.&nbsp;<\/p>\n\n\n\n<p>Nicol\u00e1s Maduro fue el encargado de anunciar el domingo 5 de noviembre que el candidato de la tolda oficialista ser\u00eda Jorge Arreaza, a pesar de no haber nacido en Barinas y votar en Caracas.\u00a0<\/p>\n\n\n\n<p>NP<\/p>\n","protected":false},"excerpt":{"rendered":"<p>El ministro de Industrias, Jorge Arreaza, anunci\u00f3 la tarde de este lunes, 6 de diciembre, que formalizar\u00e1 su candidatura a la Gobernaci\u00f3n de Barinas ante el Consejo Nacional Electoral \u00abpara abrir una nueva etapa\u00bb en esa entidad.&nbsp; \u00abQuerido pueblo de Barinas, ya estamos a punto de salir para encontrarme con ustedes y llegar hasta el [&hellip;]<\/p>\n","protected":false},"author":2,"featured_media":203626,"comment_status":"closed","ping_status":"closed","sticky":false,"template":"","format":"standard","meta":{"footnotes":""},"categories":[5,11],"tags":[],"class_list":{"0":"post-203625","1":"post","2":"type-post","3":"status-publish","4":"format-standard","5":"has-post-thumbnail","7":"category-destacado","8":"category-politica"},"_links":{"self":[{"href":"https:\/\/elluchador.info\/index.php?rest_route=\/wp\/v2\/posts\/203625","targetHints":{"allow":["GET"]}}],"collection":[{"href":"https:\/\/elluchador.info\/index.php?rest_route=\/wp\/v2\/posts"}],"about":[{"href":"https:\/\/elluchador.info\/index.php?rest_route=\/wp\/v2\/types\/post"}],"author":[{"embeddable":true,"href":"https:\/\/elluchador.info\/index.php?rest_route=\/wp\/v2\/users\/2"}],"replies":[{"embeddable":true,"href":"https:\/\/elluchador.info\/index.php?rest_route=%2Fwp%2Fv2%2Fcomments&post=203625"}],"version-history":[{"count":1,"href":"https:\/\/elluchador.info\/index.php?rest_route=\/wp\/v2\/posts\/203625\/revisions"}],"predecessor-version":[{"id":203627,"href":"https:\/\/elluchador.info\/index.php?rest_route=\/wp\/v2\/posts\/203625\/revisions\/203627"}],"wp:featuredmedia":[{"embeddable":true,"href":"https:\/\/elluchador.info\/index.php?rest_route=\/wp\/v2\/media\/203626"}],"wp:attachment":[{"href":"https:\/\/elluchador.info\/index.php?rest_route=%2Fwp%2Fv2%2Fmedia&parent=203625"}],"wp:term":[{"taxonomy":"category","embeddable":true,"href":"https:\/\/elluchador.info\/index.php?rest_route=%2Fwp%2Fv2%2Fcategories&post=203625"},{"taxonomy":"post_tag","embeddable":true,"href":"https:\/\/elluchador.info\/index.php?rest_route=%2Fwp%2Fv2%2Ftags&post=203625"}],"curies":[{"name":"wp","href":"https:\/\/api.w.org\/{rel}","templated":true}]}}