{"id":203637,"date":"2021-12-07T10:29:22","date_gmt":"2021-12-07T14:29:22","guid":{"rendered":"https:\/\/elluchador.info\/web\/?p=203637"},"modified":"2021-12-07T10:29:25","modified_gmt":"2021-12-07T14:29:25","slug":"la-oms-llama-a-proteger-a-los-ninos-ahora-los-mas-afectados-por-la-pandemia","status":"publish","type":"post","link":"https:\/\/elluchador.info\/?p=203637","title":{"rendered":"La OMS llama a proteger a los ni\u00f1os, ahora los m\u00e1s afectados por la pandemia"},"content":{"rendered":"\n<p>La OMS pidi\u00f3 el martes una mayor protecci\u00f3n de los ni\u00f1os, actualmente el grupo de edad m\u00e1s afectado por el repunte de la pandemia de covid-19 en Europa, y dijo que la vacunaci\u00f3n obligatoria debe ser el \u00ab\u00faltimo recurso\u00bb.<\/p>\n\n\n\n<p>Para evitar cierres de escuelas y la ense\u00f1anza a distancia, la secci\u00f3n europea de la Organizaci\u00f3n Mundial de la Salud (OMS) aconseja intensificar los test en las escuelas y estudia la vacunaci\u00f3n de los escolares.<\/p>\n\n\n\n<p>\u00abEl uso de mascarillas y la ventilaci\u00f3n, as\u00ed como los test regulares, deber\u00edan ser la norma en todas las escuelas primarias, y la vacunaci\u00f3n de los ni\u00f1os deber\u00eda debatirse y considerarse a nivel nacional, con el fin de proteger las escuelas\u00bb, dijo el director de OMS Europa, Hans Kluge, en una conferencia de prensa en l\u00ednea.<\/p>\n\n\n\n<p>Seg\u00fan la OMS, los casos aumentan actualmente en todos los grupos de edad, \u00absiendo las tasas m\u00e1s altas las que se observan actualmente entre los 5 y los 14 a\u00f1os\u00bb.<\/p>\n\n\n\n<p>En cuanto a la vacunaci\u00f3n obligatoria, decidida o prevista por algunos pa\u00edses, debe seguir siendo un \u00ab\u00faltimo recurso absoluto, solo cuando se hayan agotado todas las opciones posibles para aumentar la tasa de vacunaci\u00f3n\u00bb, seg\u00fan OMS Europa.<\/p>\n\n\n\n<p><strong>AFP<\/strong><\/p>\n","protected":false},"excerpt":{"rendered":"<p>La OMS pidi\u00f3 el martes una mayor protecci\u00f3n de los ni\u00f1os, actualmente el grupo de edad m\u00e1s afectado por el repunte de la pandemia de covid-19 en Europa, y dijo que la vacunaci\u00f3n obligatoria debe ser el \u00ab\u00faltimo recurso\u00bb. Para evitar cierres de escuelas y la ense\u00f1anza a distancia, la secci\u00f3n europea de la Organizaci\u00f3n [&hellip;]<\/p>\n","protected":false},"author":2,"featured_media":197179,"comment_status":"closed","ping_status":"closed","sticky":false,"template":"","format":"standard","meta":{"footnotes":""},"categories":[5,19],"tags":[],"class_list":{"0":"post-203637","1":"post","2":"type-post","3":"status-publish","4":"format-standard","5":"has-post-thumbnail","7":"category-destacado","8":"category-salud"},"_links":{"self":[{"href":"https:\/\/elluchador.info\/index.php?rest_route=\/wp\/v2\/posts\/203637","targetHints":{"allow":["GET"]}}],"collection":[{"href":"https:\/\/elluchador.info\/index.php?rest_route=\/wp\/v2\/posts"}],"about":[{"href":"https:\/\/elluchador.info\/index.php?rest_route=\/wp\/v2\/types\/post"}],"author":[{"embeddable":true,"href":"https:\/\/elluchador.info\/index.php?rest_route=\/wp\/v2\/users\/2"}],"replies":[{"embeddable":true,"href":"https:\/\/elluchador.info\/index.php?rest_route=%2Fwp%2Fv2%2Fcomments&post=203637"}],"version-history":[{"count":1,"href":"https:\/\/elluchador.info\/index.php?rest_route=\/wp\/v2\/posts\/203637\/revisions"}],"predecessor-version":[{"id":203638,"href":"https:\/\/elluchador.info\/index.php?rest_route=\/wp\/v2\/posts\/203637\/revisions\/203638"}],"wp:featuredmedia":[{"embeddable":true,"href":"https:\/\/elluchador.info\/index.php?rest_route=\/wp\/v2\/media\/197179"}],"wp:attachment":[{"href":"https:\/\/elluchador.info\/index.php?rest_route=%2Fwp%2Fv2%2Fmedia&parent=203637"}],"wp:term":[{"taxonomy":"category","embeddable":true,"href":"https:\/\/elluchador.info\/index.php?rest_route=%2Fwp%2Fv2%2Fcategories&post=203637"},{"taxonomy":"post_tag","embeddable":true,"href":"https:\/\/elluchador.info\/index.php?rest_route=%2Fwp%2Fv2%2Ftags&post=203637"}],"curies":[{"name":"wp","href":"https:\/\/api.w.org\/{rel}","templated":true}]}}