{"id":203642,"date":"2021-12-07T11:13:38","date_gmt":"2021-12-07T15:13:38","guid":{"rendered":"https:\/\/elluchador.info\/web\/?p=203642"},"modified":"2021-12-07T11:13:41","modified_gmt":"2021-12-07T15:13:41","slug":"instagram-insta-a-los-adolescentes-a-tomar-un-descanso-de-la-red-social","status":"publish","type":"post","link":"https:\/\/elluchador.info\/?p=203642","title":{"rendered":"Instagram insta a los adolescentes a tomar un descanso de la red social"},"content":{"rendered":"\n<p>Instagram empez\u00f3 el despliegue de la notificaci\u00f3n que insta a los adolescentes a<strong>&nbsp;tomarse un descanso de la red&nbsp;<a href=\"https:\/\/www.elnacional.com\/ciencia-tecnologia\/instagram-instara-a-los-adolescentes-a-que-se-tomen-un-descanso-de-la-red-social\/\" target=\"_blank\" rel=\"noreferrer noopener\">social<\/a>.<\/strong>&nbsp;La funci\u00f3n se acompa\u00f1ar\u00e1 el pr\u00f3ximo a\u00f1o con herramientas adicionales para que los padres y tutores puedan involucrarse en la experiencia digital de los menores.<\/p>\n\n\n\n<p>En octubre, el vicepresidente de Asuntos Globales de Facebook, Nick Clegg, comparti\u00f3 algunas de las novedades para mejorar el bienestar de los adolescentes, junto con la noticia de que paralizaba Instagram Kids.<\/p>\n\n\n\n<p>Entonces, se anunci\u00f3 que la plataforma introducir\u00eda una notificaci\u00f3n que instar\u00eda a los adolescentes a tomarse un descanso de la red social. La funci\u00f3n, que desde este lunes se activ\u00f3 en Estados Unidos, Reino Unido, Irlanda, Canad\u00e1, Nueva Zelanda y Australia, llegar\u00e1 al resto del mundo&nbsp;<strong>a principios de a\u00f1o.<\/strong><\/p>\n\n\n\n<p>\u00abSi alguien estuvo navegando durante un cierto per\u00edodo de tiempo, le pediremos que se tome un descanso de Instagram. Asimismo, le sugeriremos que&nbsp;<strong>establezca recordatorios<\/strong>&nbsp;para tomar m\u00e1s descansos en el futuro\u00bb, indic\u00f3 el director de Instagram, Adam Mosseri, en un comunicado. Esta funci\u00f3n tambi\u00e9n mostrar\u00e1 consejos respaldados por expertos para ayudar a la reflexi\u00f3n.<\/p>\n\n\n\n<p>Este lanzamiento sigue a una prueba de la funci\u00f3n en la que Instagram detect\u00f3 que una vez que los adolescentes establecen los recordatorios, m\u00e1s de&nbsp;<strong>90% los mantienen activados.<\/strong><\/p>\n\n\n\n<p>Esta notificaci\u00f3n para tomarse un descanso forma parte de las herramientas de la plataforma que permiten gestionar el tiempo que se pasa en ella. Mosseri anunci\u00f3 \u00abuna nueva experiencia para que las personas vean y administren su actividad de Instagram\u00bb. La opci\u00f3n permitir\u00e1&nbsp;<strong>eliminar de forma masiva las publicaciones<\/strong>, fotos y videos que compartieron pero tambi\u00e9n los comentarios o los Me Gusta.<\/p>\n\n\n\n<p>Esta experiencia de gesti\u00f3n la compa\u00f1\u00eda cree que beneficiar\u00e1 en mayor medida a los adolescentes, ya que&nbsp;<strong>podr\u00e1n comprender mejor<\/strong>&nbsp;qu\u00e9 informaci\u00f3n han compartido en la red social.<\/p>\n\n\n\n<h2 class=\"wp-block-heading\">Nuevas restricciones<\/h2>\n\n\n\n<p>Siguiendo con las novedades para proteger a los usuarios, Instagram impedir\u00e1, desde principios de a\u00f1o, que otras personas etiqueten o mencionen a los adolescentes que no los siguen.<\/p>\n\n\n\n<p>La compa\u00f1\u00eda planea expandir la opci\u00f3n limitar a\u00fan m\u00e1s del panel de control de contenido sensible. La opci\u00f3n act\u00faa sobre las sugerencias del apartado Explora, y que podr\u00eda extenderse a B\u00fasqueda, hashtags, reels y cuentas sugeridas. A esto&nbsp;<strong>se unir\u00edan sugerencias<\/strong>&nbsp;hacia otros temas, cuando se detecta que un adolescente ha estado demasiado tiempo centrado en un mismo tema. El objetivo es evitar comparaciones y beneficiar la salud mental.<\/p>\n\n\n\n<p>Por \u00faltimo, y para que los padres puedan involucrarse, en marzo se implementar\u00e1n herramientas con las que podr\u00e1n ver cu\u00e1nto tiempo los adolescentes est\u00e1n en Instagram. Por su parte, los adolescentes podr\u00e1n notificar a sus padres si denuncian a alguien. Esto se acompa\u00f1ar\u00e1 de\u00a0<strong>un nuevo centro educativo<\/strong>\u00a0con recursos como tutoriales y consejos.<\/p>\n\n\n\n<p><strong>El Nacional<\/strong><\/p>\n","protected":false},"excerpt":{"rendered":"<p>Instagram empez\u00f3 el despliegue de la notificaci\u00f3n que insta a los adolescentes a&nbsp;tomarse un descanso de la red&nbsp;social.&nbsp;La funci\u00f3n se acompa\u00f1ar\u00e1 el pr\u00f3ximo a\u00f1o con herramientas adicionales para que los padres y tutores puedan involucrarse en la experiencia digital de los menores. En octubre, el vicepresidente de Asuntos Globales de Facebook, Nick Clegg, comparti\u00f3 algunas [&hellip;]<\/p>\n","protected":false},"author":2,"featured_media":191938,"comment_status":"closed","ping_status":"closed","sticky":false,"template":"","format":"standard","meta":{"footnotes":""},"categories":[14],"tags":[],"class_list":{"0":"post-203642","1":"post","2":"type-post","3":"status-publish","4":"format-standard","5":"has-post-thumbnail","7":"category-tecnologia"},"_links":{"self":[{"href":"https:\/\/elluchador.info\/index.php?rest_route=\/wp\/v2\/posts\/203642","targetHints":{"allow":["GET"]}}],"collection":[{"href":"https:\/\/elluchador.info\/index.php?rest_route=\/wp\/v2\/posts"}],"about":[{"href":"https:\/\/elluchador.info\/index.php?rest_route=\/wp\/v2\/types\/post"}],"author":[{"embeddable":true,"href":"https:\/\/elluchador.info\/index.php?rest_route=\/wp\/v2\/users\/2"}],"replies":[{"embeddable":true,"href":"https:\/\/elluchador.info\/index.php?rest_route=%2Fwp%2Fv2%2Fcomments&post=203642"}],"version-history":[{"count":1,"href":"https:\/\/elluchador.info\/index.php?rest_route=\/wp\/v2\/posts\/203642\/revisions"}],"predecessor-version":[{"id":203643,"href":"https:\/\/elluchador.info\/index.php?rest_route=\/wp\/v2\/posts\/203642\/revisions\/203643"}],"wp:featuredmedia":[{"embeddable":true,"href":"https:\/\/elluchador.info\/index.php?rest_route=\/wp\/v2\/media\/191938"}],"wp:attachment":[{"href":"https:\/\/elluchador.info\/index.php?rest_route=%2Fwp%2Fv2%2Fmedia&parent=203642"}],"wp:term":[{"taxonomy":"category","embeddable":true,"href":"https:\/\/elluchador.info\/index.php?rest_route=%2Fwp%2Fv2%2Fcategories&post=203642"},{"taxonomy":"post_tag","embeddable":true,"href":"https:\/\/elluchador.info\/index.php?rest_route=%2Fwp%2Fv2%2Ftags&post=203642"}],"curies":[{"name":"wp","href":"https:\/\/api.w.org\/{rel}","templated":true}]}}