{"id":203658,"date":"2021-12-07T16:11:02","date_gmt":"2021-12-07T20:11:02","guid":{"rendered":"https:\/\/elluchador.info\/web\/?p=203658"},"modified":"2021-12-07T16:11:16","modified_gmt":"2021-12-07T20:11:16","slug":"alcaldia-de-independencia-impulsa-cultivo-del-cafe","status":"publish","type":"post","link":"https:\/\/elluchador.info\/?p=203658","title":{"rendered":"Alcald\u00eda de Independencia impulsa cultivo del caf\u00e9"},"content":{"rendered":"\n<p>Con el prop\u00f3sito de impulsar la agricultura y diversificar la siembra la gesti\u00f3n del alcalde reelecto Carlos Rafael Vidal, a trav\u00e9s de la Direcci\u00f3n Municipal Agraria, realiz\u00f3 la inducci\u00f3n a los agricultores que asumir\u00e1n la caficultura en el municipio Independencia del estado Anzo\u00e1tegui.<\/p>\n\n\n\n<p><br>Contando con el asesoramiento t\u00e9cnico por parte del Ministerio del Poder Popular para la Agricultura y Tierras, en conjunto con Direcci\u00f3n Municipal Agraria, a cargo de Ana Bolet, se impulsa este plan de siembra.<\/p>\n\n\n\n<p><br>La ma\u00f1ana de ayer en el sal\u00f3n de conferencias de la alcald\u00eda, sede del Balc\u00f3n, se realiz\u00f3 la inducci\u00f3n a los hombres y mujeres que participar\u00e1n en este proyecto agr\u00edcola para la caficultura o cultivo del caf\u00e9.<br>Cabe destacar que el municipio Independencia cuenta con el potencial para elevar la capacidad de producci\u00f3n y diversificaci\u00f3n agr\u00edcola, debido a su ubicaci\u00f3n a orillas del r\u00edo Orinoco, su capital humano y su riqueza en hect\u00e1reas propicias para la siembra de varios rubros.<\/p>\n\n\n\n<p>Prensa Alcald\u00eda\/CNP.22.316<\/p>\n","protected":false},"excerpt":{"rendered":"<p>Con el prop\u00f3sito de impulsar la agricultura y diversificar la siembra la gesti\u00f3n del alcalde reelecto Carlos Rafael Vidal, a trav\u00e9s de la Direcci\u00f3n Municipal Agraria, realiz\u00f3 la inducci\u00f3n a los agricultores que asumir\u00e1n la caficultura en el municipio Independencia del estado Anzo\u00e1tegui. Contando con el asesoramiento t\u00e9cnico por parte del Ministerio del Poder Popular [&hellip;]<\/p>\n","protected":false},"author":2,"featured_media":203660,"comment_status":"closed","ping_status":"closed","sticky":false,"template":"","format":"standard","meta":{"footnotes":""},"categories":[5,12],"tags":[],"class_list":{"0":"post-203658","1":"post","2":"type-post","3":"status-publish","4":"format-standard","5":"has-post-thumbnail","7":"category-destacado","8":"category-regionales"},"_links":{"self":[{"href":"https:\/\/elluchador.info\/index.php?rest_route=\/wp\/v2\/posts\/203658","targetHints":{"allow":["GET"]}}],"collection":[{"href":"https:\/\/elluchador.info\/index.php?rest_route=\/wp\/v2\/posts"}],"about":[{"href":"https:\/\/elluchador.info\/index.php?rest_route=\/wp\/v2\/types\/post"}],"author":[{"embeddable":true,"href":"https:\/\/elluchador.info\/index.php?rest_route=\/wp\/v2\/users\/2"}],"replies":[{"embeddable":true,"href":"https:\/\/elluchador.info\/index.php?rest_route=%2Fwp%2Fv2%2Fcomments&post=203658"}],"version-history":[{"count":1,"href":"https:\/\/elluchador.info\/index.php?rest_route=\/wp\/v2\/posts\/203658\/revisions"}],"predecessor-version":[{"id":203661,"href":"https:\/\/elluchador.info\/index.php?rest_route=\/wp\/v2\/posts\/203658\/revisions\/203661"}],"wp:featuredmedia":[{"embeddable":true,"href":"https:\/\/elluchador.info\/index.php?rest_route=\/wp\/v2\/media\/203660"}],"wp:attachment":[{"href":"https:\/\/elluchador.info\/index.php?rest_route=%2Fwp%2Fv2%2Fmedia&parent=203658"}],"wp:term":[{"taxonomy":"category","embeddable":true,"href":"https:\/\/elluchador.info\/index.php?rest_route=%2Fwp%2Fv2%2Fcategories&post=203658"},{"taxonomy":"post_tag","embeddable":true,"href":"https:\/\/elluchador.info\/index.php?rest_route=%2Fwp%2Fv2%2Ftags&post=203658"}],"curies":[{"name":"wp","href":"https:\/\/api.w.org\/{rel}","templated":true}]}}