{"id":203679,"date":"2021-12-07T16:56:24","date_gmt":"2021-12-07T20:56:24","guid":{"rendered":"https:\/\/elluchador.info\/web\/?p=203679"},"modified":"2021-12-07T16:56:43","modified_gmt":"2021-12-07T20:56:43","slug":"internista-e-infectologo-afirma-que-las-vacunas-mantienen-su-efectividad-contra-la-variante-omicron","status":"publish","type":"post","link":"https:\/\/elluchador.info\/?p=203679","title":{"rendered":"Internista e Infect\u00f3logo afirma que las vacunas mantienen su efectividad contra la variante \u00f3micron"},"content":{"rendered":"\n<p>Destac\u00f3 que la Organizaci\u00f3n Mundial de la Salud (OMS), declar\u00f3 a\u00a0\u00f3micron como variante de preocupaci\u00f3n.<\/p>\n\n\n\n<p>El internista e infect\u00f3logo,\u00a0Julio Castro\u00a0aclar\u00f3 que la\u00a0variante \u00f3micron es el mismo SARS-CoV-2 o COVID-19 \u00a0<\/p>\n\n\n\n<p>Esta variante tiene un n\u00famero importante de modificaciones gen\u00e9ticas\u00a0de algunas zonas espec\u00edficas que codifican el reconocimiento inmunol\u00f3gico y la capacidad de transmisi\u00f3n.<\/p>\n\n\n\n<h2 class=\"wp-block-heading\" id=\"h-qui-nes-est-n-en-mayor-riesgo-de-contagio\"><strong>\u00bfQui\u00e9nes est\u00e1n en mayor riesgo de contagio? &nbsp;<\/strong><\/h2>\n\n\n\n<p>Las personas no vacunadas, adultos de 65 a\u00f1os y con problemas de salud pertenecen al grupo de mayor riesgo de contagio de la variante \u00f3micron.<\/p>\n\n\n\n<p>Seg\u00fan\u00a0un estudio preliminar las vacunas mantienen su efectividad contra la variante \u00f3micron.\u00a0\u201cLas personas vacunadas tienen una protecci\u00f3n muy alta, \u201cno absoluta\u201d de un contagio severo\u201d, dijo. \u00a0\u00a0<\/p>\n\n\n\n<p>Por otra parte, recalc\u00f3 que\u00a0algunas vacunas de primera generaci\u00f3n requieren refuerzos, porque a medida que pasa el tiempo el nivel de protecci\u00f3n empieza a disminuir.<\/p>\n\n\n\n<p>Asegur\u00f3 que una segunda generaci\u00f3n de vacunas podr\u00eda tardar un a\u00f1o m\u00e1s aproximadamente.<\/p>\n\n\n\n<p>Mundo Radio <\/p>\n","protected":false},"excerpt":{"rendered":"<p>Destac\u00f3 que la Organizaci\u00f3n Mundial de la Salud (OMS), declar\u00f3 a\u00a0\u00f3micron como variante de preocupaci\u00f3n. El internista e infect\u00f3logo,\u00a0Julio Castro\u00a0aclar\u00f3 que la\u00a0variante \u00f3micron es el mismo SARS-CoV-2 o COVID-19 \u00a0 Esta variante tiene un n\u00famero importante de modificaciones gen\u00e9ticas\u00a0de algunas zonas espec\u00edficas que codifican el reconocimiento inmunol\u00f3gico y la capacidad de transmisi\u00f3n. \u00bfQui\u00e9nes est\u00e1n en [&hellip;]<\/p>\n","protected":false},"author":2,"featured_media":200393,"comment_status":"closed","ping_status":"closed","sticky":false,"template":"","format":"standard","meta":{"footnotes":""},"categories":[5,19],"tags":[],"class_list":{"0":"post-203679","1":"post","2":"type-post","3":"status-publish","4":"format-standard","5":"has-post-thumbnail","7":"category-destacado","8":"category-salud"},"_links":{"self":[{"href":"https:\/\/elluchador.info\/index.php?rest_route=\/wp\/v2\/posts\/203679","targetHints":{"allow":["GET"]}}],"collection":[{"href":"https:\/\/elluchador.info\/index.php?rest_route=\/wp\/v2\/posts"}],"about":[{"href":"https:\/\/elluchador.info\/index.php?rest_route=\/wp\/v2\/types\/post"}],"author":[{"embeddable":true,"href":"https:\/\/elluchador.info\/index.php?rest_route=\/wp\/v2\/users\/2"}],"replies":[{"embeddable":true,"href":"https:\/\/elluchador.info\/index.php?rest_route=%2Fwp%2Fv2%2Fcomments&post=203679"}],"version-history":[{"count":1,"href":"https:\/\/elluchador.info\/index.php?rest_route=\/wp\/v2\/posts\/203679\/revisions"}],"predecessor-version":[{"id":203680,"href":"https:\/\/elluchador.info\/index.php?rest_route=\/wp\/v2\/posts\/203679\/revisions\/203680"}],"wp:featuredmedia":[{"embeddable":true,"href":"https:\/\/elluchador.info\/index.php?rest_route=\/wp\/v2\/media\/200393"}],"wp:attachment":[{"href":"https:\/\/elluchador.info\/index.php?rest_route=%2Fwp%2Fv2%2Fmedia&parent=203679"}],"wp:term":[{"taxonomy":"category","embeddable":true,"href":"https:\/\/elluchador.info\/index.php?rest_route=%2Fwp%2Fv2%2Fcategories&post=203679"},{"taxonomy":"post_tag","embeddable":true,"href":"https:\/\/elluchador.info\/index.php?rest_route=%2Fwp%2Fv2%2Ftags&post=203679"}],"curies":[{"name":"wp","href":"https:\/\/api.w.org\/{rel}","templated":true}]}}