{"id":203684,"date":"2021-12-07T17:16:49","date_gmt":"2021-12-07T21:16:49","guid":{"rendered":"https:\/\/elluchador.info\/web\/?p=203684"},"modified":"2021-12-07T17:16:51","modified_gmt":"2021-12-07T21:16:51","slug":"certificado-de-vacunacion-sera-necesario-para-ingresar-a-colombia","status":"publish","type":"post","link":"https:\/\/elluchador.info\/?p=203684","title":{"rendered":"Certificado de vacunaci\u00f3n ser\u00e1 necesario para ingresar a Colombia"},"content":{"rendered":"\n<p>El Gobierno de Colombia anunci\u00f3 este lunes que\u00a0a partir de 14 de diciembre\u00a0exigir\u00e1 a todo viajero internacional mayor de edad el carn\u00e9 o certificado de vacunaci\u00f3n contra covid-19 con pauta completa para ingresar al pa\u00eds.<\/p>\n\n\n\n<p>\u00abBajo recomendaci\u00f3n de comit\u00e9 asesor del Ministerio de Salud,\u00a0desde diciembre 14 todo viajero internacional de 18 a\u00f1os y m\u00e1s que ingrese a Colombia deber\u00e1 presentar carnet o certificado de vacunaci\u00f3n COVID-19 con esquema completo\u00ab, anunci\u00f3 el presidente colombiano, Iv\u00e1n Duque, en un mensaje en su cuenta de Twitter.<\/p>\n\n\n\n<p>Hasta ahora, en aeropuertos no se exig\u00eda ni carn\u00e9 de vacunaci\u00f3n ni prueba negativa para el ingreso al pa\u00eds; pero con la reapertura de las fronteras terrestres, como la de Ecuador que est\u00e1 previsto que reabra el 15 de diciembre, ya se planeaba exigir el certificado de vacunaci\u00f3n.<\/p>\n\n\n\n<p>Adem\u00e1s, presentar el carn\u00e9 de vacunaci\u00f3n\u00a0con al menos una dosis ya es obligatorio para la entrada a eventos; bares, cines y otros lugares de ocio, cultura y entretenimiento para mayores de 12 a\u00f1os.<\/p>\n\n\n\n<p>El presidente destac\u00f3 este lunes en un acto la importancia de que \u00abhoy Colombia tenga una tasa de vacunaci\u00f3n en primera dosis mayor a la de Estados Unidos y Alemania, sin ser un pa\u00eds productor de vacunas\u00bb.<\/p>\n\n\n\n<p>Mundo Radio <\/p>\n","protected":false},"excerpt":{"rendered":"<p>El Gobierno de Colombia anunci\u00f3 este lunes que\u00a0a partir de 14 de diciembre\u00a0exigir\u00e1 a todo viajero internacional mayor de edad el carn\u00e9 o certificado de vacunaci\u00f3n contra covid-19 con pauta completa para ingresar al pa\u00eds. \u00abBajo recomendaci\u00f3n de comit\u00e9 asesor del Ministerio de Salud,\u00a0desde diciembre 14 todo viajero internacional de 18 a\u00f1os y m\u00e1s que [&hellip;]<\/p>\n","protected":false},"author":2,"featured_media":203685,"comment_status":"closed","ping_status":"closed","sticky":false,"template":"","format":"standard","meta":{"footnotes":""},"categories":[5,8],"tags":[],"class_list":{"0":"post-203684","1":"post","2":"type-post","3":"status-publish","4":"format-standard","5":"has-post-thumbnail","7":"category-destacado","8":"category-internacionales"},"_links":{"self":[{"href":"https:\/\/elluchador.info\/index.php?rest_route=\/wp\/v2\/posts\/203684","targetHints":{"allow":["GET"]}}],"collection":[{"href":"https:\/\/elluchador.info\/index.php?rest_route=\/wp\/v2\/posts"}],"about":[{"href":"https:\/\/elluchador.info\/index.php?rest_route=\/wp\/v2\/types\/post"}],"author":[{"embeddable":true,"href":"https:\/\/elluchador.info\/index.php?rest_route=\/wp\/v2\/users\/2"}],"replies":[{"embeddable":true,"href":"https:\/\/elluchador.info\/index.php?rest_route=%2Fwp%2Fv2%2Fcomments&post=203684"}],"version-history":[{"count":1,"href":"https:\/\/elluchador.info\/index.php?rest_route=\/wp\/v2\/posts\/203684\/revisions"}],"predecessor-version":[{"id":203686,"href":"https:\/\/elluchador.info\/index.php?rest_route=\/wp\/v2\/posts\/203684\/revisions\/203686"}],"wp:featuredmedia":[{"embeddable":true,"href":"https:\/\/elluchador.info\/index.php?rest_route=\/wp\/v2\/media\/203685"}],"wp:attachment":[{"href":"https:\/\/elluchador.info\/index.php?rest_route=%2Fwp%2Fv2%2Fmedia&parent=203684"}],"wp:term":[{"taxonomy":"category","embeddable":true,"href":"https:\/\/elluchador.info\/index.php?rest_route=%2Fwp%2Fv2%2Fcategories&post=203684"},{"taxonomy":"post_tag","embeddable":true,"href":"https:\/\/elluchador.info\/index.php?rest_route=%2Fwp%2Fv2%2Ftags&post=203684"}],"curies":[{"name":"wp","href":"https:\/\/api.w.org\/{rel}","templated":true}]}}