{"id":203744,"date":"2021-12-09T10:09:45","date_gmt":"2021-12-09T14:09:45","guid":{"rendered":"https:\/\/elluchador.info\/web\/?p=203744"},"modified":"2021-12-09T10:09:50","modified_gmt":"2021-12-09T14:09:50","slug":"fedecamaras-bolivar-solicita-acuerdos-con-autoridades-de-hidrobolivar-y-corpoelec-para-ajustar-tarifas-de-servicios-basicos","status":"publish","type":"post","link":"https:\/\/elluchador.info\/?p=203744","title":{"rendered":"Fedec\u00e1maras Bol\u00edvar solicita acuerdos con autoridades de Hidrobol\u00edvar y Corpoelec para ajustar tarifas de servicios b\u00e1sicos"},"content":{"rendered":"\n<p>Ciudad Guayana. &#8211; La reactivaci\u00f3n econ\u00f3mica que empez\u00f3 con la apertura de los vuelos y la flexibilizaci\u00f3n que anunci\u00f3 el Ejecutivo, est\u00e1 siendo afectada por los altos montos que aparecen en los recibos de luz y agua, cuestionan gremialistas<\/p>\n\n\n\n<p>Fedec\u00e1maras Bol\u00edvar, la C\u00e1mara de Comercio de Caron\u00ed y la C\u00e1mara de Turismo del estado, instaron a representantes de Hidrobol\u00edvar y Corpoelec a lograr acuerdos con el sector privado, para ajustar las tarifas de los servicios b\u00e1sicos, las cuales han tenido un alza durante los \u00faltimos meses.<\/p>\n\n\n\n<p>El planteamiento lo hicieron este mi\u00e9rcoles 8 de diciembre en una rueda de prensa en la Torre Empresarial de la C\u00e1mara de Comercio de Caron\u00ed (Camcaron\u00ed), donde gremialistas denunciaron el cobro desproporcional de los servicios b\u00e1sicos y la voracidad fiscal.<\/p>\n\n\n\n<p>\u201cEl sector privado no se niega a pagar. Entendemos que es necesario para que mejoren los servicios de Corpoelec e Hidrobol\u00edvar, pero debemos llegar a un m\u00ednimo de entendimiento y cobrar lo que se est\u00e1 consumiendo. Venimos de un patr\u00f3n en donde las reglas de cobro no se basan en lo que t\u00fa consumes\u201d, expres\u00f3 el presidente de Fedec\u00e1maras Bol\u00edvar, Austerio Gonz\u00e1lez.<\/p>\n\n\n\n<p>Cuestion\u00f3 que los costos operativos de las estatales de servicios p\u00fablicos sean cargados a los empresarios privados. \u201cSabemos la situaci\u00f3n que sufre el Guayan\u00e9s de poca capacidad de compra, pero que no asfixien al sector productivo\u201d, agreg\u00f3.<\/p>\n\n\n\n<p>Pese a que hubo una reuni\u00f3n con autoridades de Hidrobol\u00edvar en junio del presente a\u00f1o, esta no signific\u00f3 acuerdos que permitieran un reajuste en la tarifa del servicio de agua, por lo que el presidente de Fedec\u00e1maras Bol\u00edvar insiste en que se pueda iniciar conversaciones nuevamente y lograr soluciones a este problema.<\/p>\n\n\n\n<p>\u201cEstamos en un proceso de recuperaci\u00f3n econ\u00f3mica y no se puede cargar de gastos a los empresarios en este proceso, porque se va a asfixiar al sector comercial, a el sector productivo, y va a pasar que estos comercios se ir\u00e1n a lo informal, porque no tienen capacidad de pago\u201d, subray\u00f3 el presidente de Fedec\u00e1maras Bol\u00edvar.<\/p>\n\n\n\n<p>La presidenta de Camcaron\u00ed, Catherine Wilson, denunci\u00f3 que el servicio de electricidad ha tenido un incremento de m\u00e1s de un 500%. Cuestion\u00f3 que Corpoelec no est\u00e1 facturando por consumo de kilovatios<em>, <\/em>ni Hidrobol\u00edvarpor consumo de metros c\u00fabicos, sino que lo est\u00e1n haciendo por capacidad contratada.<\/p>\n\n\n\n<p>\u201cPara muchos estas facturas han sido impagables. En el caso de los hoteles, que tienen nada m\u00e1s el 10% de capacidad ocupada, las facturas son de hasta 4.500 d\u00f3lares\u201d, expres\u00f3.<\/p>\n\n\n\n<p>Aunque empresarios han instalado luces led para ahorrar consumo energ\u00e9tico, esta medida no ha disminuido los montos de las facturas, por lo que la l\u00edder gremial propuso que una de las soluciones podr\u00eda ser la instalaci\u00f3n de medidores, para que el cobro sea acorde con lo consumido por los privados.<\/p>\n\n\n\n<p>El presidente de la C\u00e1mara de Turismo de Bol\u00edvar, Gilbert Almarza, insisti\u00f3 que, aunque hoteles hacen planes energ\u00e9ticos para disminuir los montos de facturaci\u00f3n, estos precios siguen aumentando.<\/p>\n\n\n\n<p>Inst\u00f3 a sincerar los cobros de los servicios y alert\u00f3 que, si no se atienden los altos costos de servicios, se pone en riesgo puestos de trabajo y la generaci\u00f3n de mayor empleo. \u201cEsto dificulta el desarrollo econ\u00f3mico de cualquier empresa\u201d, afirm\u00f3.<\/p>\n\n\n\n<p><strong>Los impuestos aumentan la informalidad<\/strong><\/p>\n\n\n\n<p>Debido a la cuarentena por la pandemia del COVID-19 y el esquema 7 por 7, empresarios han cerrado sus negocios o se vieron obligados a migrar al sector informal de la econom\u00eda, ya que su capacidad productiva no era suficiente para cubrir con todos los gastos que sufr\u00edan y que desde hace meses se han agravado con el alza de los servicios b\u00e1sicos y la voracidad fiscal.<\/p>\n\n\n\n<p>El primer vicepresidente de Camcaron\u00ed, Camilo London, a\u00f1adi\u00f3 que, adem\u00e1s de la facturaci\u00f3n de los servicios, las altas al\u00edcuotas impositivas tambien est\u00e1n afectando a los privados de los distintos sectores empresariales de Caron\u00ed.<\/p>\n\n\n\n<p>\u201cEste es uno de los municipios que tiene los impuestos m\u00e1s altos en el ramo de los impuestos municipales a nivel nacional\u201d, dijo. \u201cNos ubicamos en el percentil 90 del rango de tributos que se establece al sector comercial, industrial y de servicio\u201d.<\/p>\n\n\n\n<p>Se\u00f1al\u00f3 que este tipo de escenarios, solo aumentan la informalidad y es necesario revertir estas condiciones para potenciar el desarrollo de la actividad econ\u00f3mico. \u201cCada vez son menos las empresas que quedan operando en el sector formal y hay una migraci\u00f3n al sector informal. Esto hace que se recargue en los formales la mayor cantidad de impuestos para sostener el gasto p\u00fablico\u201d.<\/p>\n\n\n\n<p><strong>Reactivar el comercio<\/strong><\/p>\n\n\n\n<p>El segundo vicepresidente de Camcaron\u00ed, Ra\u00fal Gil, declar\u00f3 que debe liberarse el encaje legal para que la banca pueda otorgar cr\u00e9ditos a usuarios, que a su vez incrementen el consumo y reactiven el comercio en el estado.<\/p>\n\n\n\n<p>Asimismo, el gremialista solicit\u00f3 que se reactiven los cr\u00e9ditos para la peque\u00f1a, mediana empresa y para los sectores de agricultura, turismo y manufactura. De acuerdo con Gil, atender los montos de tributos, de los servicios y la apertura de cr\u00e9ditos, permitir\u00eda una reactivaci\u00f3n a nivel regional y nacional.<\/p>\n\n\n\n<p><strong>Prensa Fedec\u00e1maras Bol\u00edvar<\/strong><\/p>\n","protected":false},"excerpt":{"rendered":"<p>Ciudad Guayana. &#8211; La reactivaci\u00f3n econ\u00f3mica que empez\u00f3 con la apertura de los vuelos y la flexibilizaci\u00f3n que anunci\u00f3 el Ejecutivo, est\u00e1 siendo afectada por los altos montos que aparecen en los recibos de luz y agua, cuestionan gremialistas Fedec\u00e1maras Bol\u00edvar, la C\u00e1mara de Comercio de Caron\u00ed y la C\u00e1mara de Turismo del estado, instaron [&hellip;]<\/p>\n","protected":false},"author":2,"featured_media":203745,"comment_status":"closed","ping_status":"closed","sticky":false,"template":"","format":"standard","meta":{"footnotes":""},"categories":[5,12],"tags":[],"class_list":{"0":"post-203744","1":"post","2":"type-post","3":"status-publish","4":"format-standard","5":"has-post-thumbnail","7":"category-destacado","8":"category-regionales"},"_links":{"self":[{"href":"https:\/\/elluchador.info\/index.php?rest_route=\/wp\/v2\/posts\/203744","targetHints":{"allow":["GET"]}}],"collection":[{"href":"https:\/\/elluchador.info\/index.php?rest_route=\/wp\/v2\/posts"}],"about":[{"href":"https:\/\/elluchador.info\/index.php?rest_route=\/wp\/v2\/types\/post"}],"author":[{"embeddable":true,"href":"https:\/\/elluchador.info\/index.php?rest_route=\/wp\/v2\/users\/2"}],"replies":[{"embeddable":true,"href":"https:\/\/elluchador.info\/index.php?rest_route=%2Fwp%2Fv2%2Fcomments&post=203744"}],"version-history":[{"count":1,"href":"https:\/\/elluchador.info\/index.php?rest_route=\/wp\/v2\/posts\/203744\/revisions"}],"predecessor-version":[{"id":203746,"href":"https:\/\/elluchador.info\/index.php?rest_route=\/wp\/v2\/posts\/203744\/revisions\/203746"}],"wp:featuredmedia":[{"embeddable":true,"href":"https:\/\/elluchador.info\/index.php?rest_route=\/wp\/v2\/media\/203745"}],"wp:attachment":[{"href":"https:\/\/elluchador.info\/index.php?rest_route=%2Fwp%2Fv2%2Fmedia&parent=203744"}],"wp:term":[{"taxonomy":"category","embeddable":true,"href":"https:\/\/elluchador.info\/index.php?rest_route=%2Fwp%2Fv2%2Fcategories&post=203744"},{"taxonomy":"post_tag","embeddable":true,"href":"https:\/\/elluchador.info\/index.php?rest_route=%2Fwp%2Fv2%2Ftags&post=203744"}],"curies":[{"name":"wp","href":"https:\/\/api.w.org\/{rel}","templated":true}]}}