{"id":203751,"date":"2021-12-09T10:36:56","date_gmt":"2021-12-09T14:36:56","guid":{"rendered":"https:\/\/elluchador.info\/web\/?p=203751"},"modified":"2021-12-09T10:36:58","modified_gmt":"2021-12-09T14:36:58","slug":"el-covid-sumo-100-millones-de-menores-a-la-pobreza-segun-la-unicef","status":"publish","type":"post","link":"https:\/\/elluchador.info\/?p=203751","title":{"rendered":"El Covid sum\u00f3 100 millones de menores a la pobreza, seg\u00fan la Unicef"},"content":{"rendered":"\n<p>La pandemia de coronavirus sum\u00f3 al menos a 100 millones de menores a la pobreza, un 10% m\u00e1s desde 2019, seg\u00fan informe de Unicef divulgado este jueves, donde afirma que se trata de la \u00abmayor amenaza en sus 75 a\u00f1os de historia\u00bb.<\/p>\n\n\n\n<p>En este periodo ha aumentado el n\u00famero de menores con hambre, sin escolarizar, abusados, viviendo en la pobreza y empujados a matrimonios forzados, se\u00f1al\u00f3 la organizaci\u00f3n en el informe \u00abPrevenir una d\u00e9cada perdida: Acci\u00f3n urgente para invertir el devastador impacto del covid-19 en menores y j\u00f3venes\u00bb.<\/p>\n\n\n\n<p>Asimismo, disminuy\u00f3 el n\u00famero de menores con acceso a la salud, las vacunas y los servicios esenciales.<\/p>\n\n\n\n<p>\u00abLa pandemia de covid-19 ha supuesto la mayor amenaza para la infancia en nuestros 75 a\u00f1os de historia\u00bb, advirti\u00f3 la directora del Fondo de Naciones Unidas para la Infancia (Unicef), Henrietta Fore.<\/p>\n\n\n\n<p>\u00abEn un a\u00f1o en que deber\u00edamos mirar hacia adelante, estamos retrocediendo\u00bb, lament\u00f3.<\/p>\n\n\n\n<p>Seg\u00fan el informe, 60 millones de menores m\u00e1s que antes de la pandemia viven en hogares con pocos recursos. A ello se suma que en 2020, m\u00e1s de 23 millones no recibieron vacunas esenciales, 4 millones m\u00e1s que en 2019 y el n\u00famero m\u00e1s alto en 11 a\u00f1os.<\/p>\n\n\n\n<p>Antes de la pandemia, 1.000 millones de menores en todo el mundo sufr\u00edan necesidades acuciantes y no ten\u00edan acceso a la educaci\u00f3n, la salud, la vivienda, las instalaciones sanitarias o el agua.<\/p>\n\n\n\n<p>Ese n\u00famero crece y ampl\u00eda cada vez m\u00e1s la brecha entre menores ricos y pobres.<\/p>\n\n\n\n<p>M\u00e1s de 1.600 millones de estudiantes se quedaron sin clases, el 13% de los adolescentes en el mundo sufre problemas de salud mental y m\u00e1s de 10 millones de matrimonios con menores pueden producirse antes de que acabe la d\u00e9cada como resultado de la pandemia de covid-19.<\/p>\n\n\n\n<p>El n\u00famero de ni\u00f1os obligados a trabajar se eleva a 160 millones en el mundo, 8,4 millones m\u00e1s en los cuatro \u00faltimos a\u00f1os y otros 9 millones est\u00e1n en peligro de engrosar esas filas para finales de 2022 debido a la pobreza que deja el coronavirus.<\/p>\n\n\n\n<p>Al menos otros 9 millones de ni\u00f1os pueden sumarse a finales de 2022 a los 50 millones que ya sufren la peor forma de malnutrici\u00f3n, tambi\u00e9n debido al covid-19.<\/p>\n\n\n\n<p>Asimismo, 426 millones de ni\u00f1os, casi uno de cada cinco, vive en zonas de conflicto, en tanto las mujeres y las ni\u00f1as son adem\u00e1s v\u00edctimas de violencia sexual.<\/p>\n\n\n\n<p>A ello se suman el impacto del cambio clim\u00e1tico.<\/p>\n\n\n\n<p>En el mejor de los casos, alcanzar los niveles de pobreza infantil prepand\u00e9micos llevar\u00e1 \u00absiete u ocho a\u00f1os\u00bb, dijo Fore, por lo que \u00abnunca la atenci\u00f3n a la infancia ha sido tan crucial como hoy\u00bb.<\/p>\n\n\n\n<p><strong>AFP<\/strong><\/p>\n","protected":false},"excerpt":{"rendered":"<p>La pandemia de coronavirus sum\u00f3 al menos a 100 millones de menores a la pobreza, un 10% m\u00e1s desde 2019, seg\u00fan informe de Unicef divulgado este jueves, donde afirma que se trata de la \u00abmayor amenaza en sus 75 a\u00f1os de historia\u00bb. En este periodo ha aumentado el n\u00famero de menores con hambre, sin escolarizar, [&hellip;]<\/p>\n","protected":false},"author":2,"featured_media":148841,"comment_status":"closed","ping_status":"closed","sticky":false,"template":"","format":"standard","meta":{"footnotes":""},"categories":[6],"tags":[],"class_list":{"0":"post-203751","1":"post","2":"type-post","3":"status-publish","4":"format-standard","5":"has-post-thumbnail","7":"category-economia"},"_links":{"self":[{"href":"https:\/\/elluchador.info\/index.php?rest_route=\/wp\/v2\/posts\/203751","targetHints":{"allow":["GET"]}}],"collection":[{"href":"https:\/\/elluchador.info\/index.php?rest_route=\/wp\/v2\/posts"}],"about":[{"href":"https:\/\/elluchador.info\/index.php?rest_route=\/wp\/v2\/types\/post"}],"author":[{"embeddable":true,"href":"https:\/\/elluchador.info\/index.php?rest_route=\/wp\/v2\/users\/2"}],"replies":[{"embeddable":true,"href":"https:\/\/elluchador.info\/index.php?rest_route=%2Fwp%2Fv2%2Fcomments&post=203751"}],"version-history":[{"count":1,"href":"https:\/\/elluchador.info\/index.php?rest_route=\/wp\/v2\/posts\/203751\/revisions"}],"predecessor-version":[{"id":203752,"href":"https:\/\/elluchador.info\/index.php?rest_route=\/wp\/v2\/posts\/203751\/revisions\/203752"}],"wp:featuredmedia":[{"embeddable":true,"href":"https:\/\/elluchador.info\/index.php?rest_route=\/wp\/v2\/media\/148841"}],"wp:attachment":[{"href":"https:\/\/elluchador.info\/index.php?rest_route=%2Fwp%2Fv2%2Fmedia&parent=203751"}],"wp:term":[{"taxonomy":"category","embeddable":true,"href":"https:\/\/elluchador.info\/index.php?rest_route=%2Fwp%2Fv2%2Fcategories&post=203751"},{"taxonomy":"post_tag","embeddable":true,"href":"https:\/\/elluchador.info\/index.php?rest_route=%2Fwp%2Fv2%2Ftags&post=203751"}],"curies":[{"name":"wp","href":"https:\/\/api.w.org\/{rel}","templated":true}]}}