{"id":204323,"date":"2021-12-21T11:04:19","date_gmt":"2021-12-21T15:04:19","guid":{"rendered":"https:\/\/elluchador.info\/web\/?p=204323"},"modified":"2021-12-21T11:04:22","modified_gmt":"2021-12-21T15:04:22","slug":"todos-estamos-hartos-de-la-pandemia-jefe-de-la-oms-llama-a-cancelar-ahora-y-celebrar-despues","status":"publish","type":"post","link":"https:\/\/elluchador.info\/?p=204323","title":{"rendered":"\u00abTodos estamos hartos de la pandemia\u00bb: Jefe de la OMS llama a \u00abcancelar ahora y celebrar despu\u00e9s\u00bb"},"content":{"rendered":"\n<p>El director general de la Organizaci\u00f3n Mundial de la Salud (OMS),&nbsp;Tedros&nbsp;Adhanom Ghebreyesus,&nbsp;llam\u00f3 a redoblar los esfuerzos globales contra la propagaci\u00f3n del coronavirus, que se ha visto acelerada este invierno tras la aparici\u00f3n de la variante \u00f3micron, y evoc\u00f3 el reto de vacunar al 70% de la poblaci\u00f3n mundial como condici\u00f3n indispensable para acabar con la pandemia en 2022.<\/p>\n\n\n\n<p>\u00abExiste ahora la evidencia consistente de que \u00f3micron se propaga considerablemente&nbsp;<strong>m\u00e1s r\u00e1pido<\/strong>&nbsp;que la variante delta\u00bb, asever\u00f3 el jefe de la OMS&nbsp;en la apertura de una rueda de prensa en Ginebra. \u00abEs m\u00e1s probable que la gente que&nbsp;<strong>se ha vacunado o se ha recuperado<\/strong>&nbsp;del Covid-19 pueda resultar infectada o reinfectada\u00bb, advirti\u00f3.<\/p>\n\n\n\n<p>Al mismo tiempo, record\u00f3 que \u00abla mezcla social creciente\u00bb en los d\u00edas festivos&nbsp;traer\u00e1 consigo un&nbsp;aumento de casos del covid-19 en varios pa\u00edses, lo que se traducir\u00e1 en m\u00e1s muertes y en una carga&nbsp;adicional para los sistemas sanitarios.<\/p>\n\n\n\n<p>\u00abTodos estamos&nbsp;hartos de esta pandemia.&nbsp;<strong>Todos queremos pasar tiempo con los amigos y la familia<\/strong>. Todos queremos volver a la normalidad\u00bb, se lament\u00f3 el jefe del organismo sanitario. \u00abEl camino m\u00e1s r\u00e1pido para hacerlo es que todos nosotros&nbsp;\u2014l\u00edderes e individuos\u2014&nbsp;tomemos las&nbsp;<strong>decisiones dif\u00edciles<\/strong>&nbsp;que deben ser tomadas para protegernos a nosotros mismos y a los dem\u00e1s\u00bb, destac\u00f3.<\/p>\n\n\n\n<h3 class=\"wp-block-heading\">\u00abCancelar ahora y celebrar m\u00e1s tarde\u00bb<\/h3>\n\n\n\n<p>En este sentido, Ghebreyesus recalc\u00f3 que \u00abes mejor cancelar ahora y celebrar m\u00e1s tarde que&nbsp;<strong>celebrar ahora y llorar despu\u00e9s<\/strong>\u00ab. \u00abNinguno&nbsp;de nosotros quiere volver a estar aqu\u00ed 12 meses m\u00e1s tarde, hablando de las&nbsp;<strong>oportunidades perdidas<\/strong>, la desigualdad&nbsp;permanente&nbsp;o nuevas variantes\u00bb, subray\u00f3.<\/p>\n\n\n\n<p>\u00abSi queremos acabar con esta pandemia el a\u00f1o que viene, debemos poner fin a la desigualdad al garantizar que&nbsp;<strong>el<\/strong>&nbsp;<strong>70 % de la poblaci\u00f3n de todos los pa\u00edses est\u00e9 vacunada<\/strong>&nbsp;para mediados del pr\u00f3ximo a\u00f1o\u00bb, explic\u00f3.<\/p>\n\n\n\n<p>En este contexto, se\u00f1al\u00f3 que espera que la vacuna de Novavax, recientemente&nbsp;<a href=\"https:\/\/www.who.int\/news\/item\/17-12-2021-who-lists-9th-covid-19-vaccine-for-emergency-use-with-aim-to-increase-access-to-vaccination-in-lower-income-countries\" target=\"_blank\" rel=\"noreferrer noopener\">recomendada<\/a>&nbsp;por la OMS para el uso de emergencia, ayude a alcanzar los objetivos de vacunaci\u00f3n globales.<\/p>\n\n\n\n<p>\u00ab2022 debe ser el a\u00f1o en que terminemos con la pandemia\u00bb, recalc\u00f3.<\/p>\n\n\n\n<p><strong>RT<\/strong><\/p>\n","protected":false},"excerpt":{"rendered":"<p>El director general de la Organizaci\u00f3n Mundial de la Salud (OMS),&nbsp;Tedros&nbsp;Adhanom Ghebreyesus,&nbsp;llam\u00f3 a redoblar los esfuerzos globales contra la propagaci\u00f3n del coronavirus, que se ha visto acelerada este invierno tras la aparici\u00f3n de la variante \u00f3micron, y evoc\u00f3 el reto de vacunar al 70% de la poblaci\u00f3n mundial como condici\u00f3n indispensable para acabar con la [&hellip;]<\/p>\n","protected":false},"author":2,"featured_media":204324,"comment_status":"closed","ping_status":"closed","sticky":false,"template":"","format":"standard","meta":{"footnotes":""},"categories":[5,19],"tags":[],"class_list":{"0":"post-204323","1":"post","2":"type-post","3":"status-publish","4":"format-standard","5":"has-post-thumbnail","7":"category-destacado","8":"category-salud"},"_links":{"self":[{"href":"https:\/\/elluchador.info\/index.php?rest_route=\/wp\/v2\/posts\/204323","targetHints":{"allow":["GET"]}}],"collection":[{"href":"https:\/\/elluchador.info\/index.php?rest_route=\/wp\/v2\/posts"}],"about":[{"href":"https:\/\/elluchador.info\/index.php?rest_route=\/wp\/v2\/types\/post"}],"author":[{"embeddable":true,"href":"https:\/\/elluchador.info\/index.php?rest_route=\/wp\/v2\/users\/2"}],"replies":[{"embeddable":true,"href":"https:\/\/elluchador.info\/index.php?rest_route=%2Fwp%2Fv2%2Fcomments&post=204323"}],"version-history":[{"count":1,"href":"https:\/\/elluchador.info\/index.php?rest_route=\/wp\/v2\/posts\/204323\/revisions"}],"predecessor-version":[{"id":204325,"href":"https:\/\/elluchador.info\/index.php?rest_route=\/wp\/v2\/posts\/204323\/revisions\/204325"}],"wp:featuredmedia":[{"embeddable":true,"href":"https:\/\/elluchador.info\/index.php?rest_route=\/wp\/v2\/media\/204324"}],"wp:attachment":[{"href":"https:\/\/elluchador.info\/index.php?rest_route=%2Fwp%2Fv2%2Fmedia&parent=204323"}],"wp:term":[{"taxonomy":"category","embeddable":true,"href":"https:\/\/elluchador.info\/index.php?rest_route=%2Fwp%2Fv2%2Fcategories&post=204323"},{"taxonomy":"post_tag","embeddable":true,"href":"https:\/\/elluchador.info\/index.php?rest_route=%2Fwp%2Fv2%2Ftags&post=204323"}],"curies":[{"name":"wp","href":"https:\/\/api.w.org\/{rel}","templated":true}]}}