{"id":204332,"date":"2021-12-21T12:17:29","date_gmt":"2021-12-21T16:17:29","guid":{"rendered":"https:\/\/elluchador.info\/web\/?p=204332"},"modified":"2021-12-21T12:17:31","modified_gmt":"2021-12-21T16:17:31","slug":"1er-festival-de-la-transcomplejidad-se-realizo-exitosamente","status":"publish","type":"post","link":"https:\/\/elluchador.info\/?p=204332","title":{"rendered":"1er Festival de la Transcomplejidad se realiz\u00f3 exitosamente"},"content":{"rendered":"\n<p>***Desde el 18 al 20 de diciembre mostraron la creatividad de las diversas expresiones humanas<\/p>\n\n\n\n<p>Este primer Festival de la Transcomplejidad, es un evento que se realiz\u00f3 con la finalidad de mostrar todas las creatividades de las diversas expresiones\u00a0 y pr\u00e1cticas humanas, y su combinaci\u00f3n con la sociedad, y desde la contingencia poder resolver, as\u00ed lo refiri\u00f3 Arelis Hern\u00e1ndez, la representante de la Transcomplejidad en el estado Bol\u00edvar.\u00a0<\/p>\n\n\n\n<p>\u00abLa Transcomplejidad\u00a0 situando como lo ha plasmado la Dra. Villegas, como la actitud del ser humano ante la vida, el trabajo en equipo, el respeto del ser humano, consider\u00e9 darle en esta oportunidad al estado Bol\u00edvar de cristalizar la idea, de una propuesta estaba all\u00ed, de llevar la gastronom\u00eda, el tema deportivo y la cultura en todo sus \u00e1mbitos, de mostrar ante el mundo las potencialidades que tenemos,\u00a0 yo como representante de turismo, con este evento de talla internacional. Importante mencionar, que en este evento solo tenemos una muestra de artesanos, por el tema de la pandemia, estamos siendo respetuosos con eso\u00bb una\u00a0 Resalt\u00f3 Hern\u00e1ndez.<\/p>\n\n\n\n<p>Este evento se desarroll\u00f3 durante los d\u00edas 18, 19 y 20 de diciembre, en las instalaciones de un reconocido hotel de la ciudad, desde las 8am hasta la 1pm, donde diferentes creadores, artistas y emprendedores mostraron sus capacidades que poseen para crear cosas innovadoras, con toda una galer\u00eda de sus creatividades.\u00a0<\/p>\n\n\n\n<figure class=\"wp-block-image size-large is-resized\"><img loading=\"lazy\" decoding=\"async\" src=\"https:\/\/elluchador.info\/web\/wp-content\/uploads\/2021\/12\/IMG-20211220-WA0114.jpg\" alt=\"\" class=\"wp-image-204334\" width=\"766\" height=\"1024\" srcset=\"https:\/\/elluchador.info\/wp-content\/uploads\/2021\/12\/IMG-20211220-WA0114.jpg 808w, https:\/\/elluchador.info\/wp-content\/uploads\/2021\/12\/IMG-20211220-WA0114-224x300.jpg 224w, https:\/\/elluchador.info\/wp-content\/uploads\/2021\/12\/IMG-20211220-WA0114-766x1024.jpg 766w, https:\/\/elluchador.info\/wp-content\/uploads\/2021\/12\/IMG-20211220-WA0114-768x1027.jpg 768w, https:\/\/elluchador.info\/wp-content\/uploads\/2021\/12\/IMG-20211220-WA0114-314x420.jpg 314w, https:\/\/elluchador.info\/wp-content\/uploads\/2021\/12\/IMG-20211220-WA0114-640x855.jpg 640w, https:\/\/elluchador.info\/wp-content\/uploads\/2021\/12\/IMG-20211220-WA0114-681x910.jpg 681w\" sizes=\"auto, (max-width: 766px) 100vw, 766px\" \/><figcaption>Foto cortes\u00eda de Yanitza Mart\u00ednez<\/figcaption><\/figure>\n\n\n\n<p>Una actividad de talla altamente creativa, la cual permiti\u00f3 exhibir, gastronom\u00eda, textiles,\u00a0 escenificaci\u00f3n de estatuas vivientes, habilidades humanas de f\u00fatbol de campo, higiene y salud holistico, entre otras. Todo\u00a0 esto se logr\u00f3 gracias al apoyo del Instituto Nacional de Turismo Bol\u00edvar (Inatur), Misterio del Poder Popular para la Cultura de Bol\u00edvar, alcald\u00eda Foto del municipio Angostura del Orinoco y alcald\u00eda de Caron\u00ed, plataforma de emprendedores, Hotel Laja Real, Diario El Luchador, universidad Uneg y Sim\u00f3n Rodr\u00edguez, entre otros.es\u00eda<\/p>\n\n\n\n<p>\u00a0La actividad estuvo organizada por la Red de Investigadores de la Transcomplejidad, con la participaci\u00f3n de Joao Montauro (directivo de la Camara de Turismo), An\u00edbal Ortiz, empresario y luchador social, Arelis Hern\u00e1ndez, organizadora\u00a0 principal del Festival y Yesenia Centeno representante de la Redi Aragua de la transcomplejidad.<\/p>\n\n\n\n<p><strong>Yanitza Mart\u00ednez CNP 19.403<\/strong><\/p>\n","protected":false},"excerpt":{"rendered":"<p>***Desde el 18 al 20 de diciembre mostraron la creatividad de las diversas expresiones humanas Este primer Festival de la Transcomplejidad, es un evento que se realiz\u00f3 con la finalidad de mostrar todas las creatividades de las diversas expresiones\u00a0 y pr\u00e1cticas humanas, y su combinaci\u00f3n con la sociedad, y desde la contingencia poder resolver, as\u00ed [&hellip;]<\/p>\n","protected":false},"author":2,"featured_media":204333,"comment_status":"closed","ping_status":"closed","sticky":false,"template":"","format":"standard","meta":{"footnotes":""},"categories":[5,12],"tags":[],"class_list":{"0":"post-204332","1":"post","2":"type-post","3":"status-publish","4":"format-standard","5":"has-post-thumbnail","7":"category-destacado","8":"category-regionales"},"_links":{"self":[{"href":"https:\/\/elluchador.info\/index.php?rest_route=\/wp\/v2\/posts\/204332","targetHints":{"allow":["GET"]}}],"collection":[{"href":"https:\/\/elluchador.info\/index.php?rest_route=\/wp\/v2\/posts"}],"about":[{"href":"https:\/\/elluchador.info\/index.php?rest_route=\/wp\/v2\/types\/post"}],"author":[{"embeddable":true,"href":"https:\/\/elluchador.info\/index.php?rest_route=\/wp\/v2\/users\/2"}],"replies":[{"embeddable":true,"href":"https:\/\/elluchador.info\/index.php?rest_route=%2Fwp%2Fv2%2Fcomments&post=204332"}],"version-history":[{"count":1,"href":"https:\/\/elluchador.info\/index.php?rest_route=\/wp\/v2\/posts\/204332\/revisions"}],"predecessor-version":[{"id":204335,"href":"https:\/\/elluchador.info\/index.php?rest_route=\/wp\/v2\/posts\/204332\/revisions\/204335"}],"wp:featuredmedia":[{"embeddable":true,"href":"https:\/\/elluchador.info\/index.php?rest_route=\/wp\/v2\/media\/204333"}],"wp:attachment":[{"href":"https:\/\/elluchador.info\/index.php?rest_route=%2Fwp%2Fv2%2Fmedia&parent=204332"}],"wp:term":[{"taxonomy":"category","embeddable":true,"href":"https:\/\/elluchador.info\/index.php?rest_route=%2Fwp%2Fv2%2Fcategories&post=204332"},{"taxonomy":"post_tag","embeddable":true,"href":"https:\/\/elluchador.info\/index.php?rest_route=%2Fwp%2Fv2%2Ftags&post=204332"}],"curies":[{"name":"wp","href":"https:\/\/api.w.org\/{rel}","templated":true}]}}