{"id":204340,"date":"2021-12-21T13:02:21","date_gmt":"2021-12-21T17:02:21","guid":{"rendered":"https:\/\/elluchador.info\/web\/?p=204340"},"modified":"2021-12-21T13:02:24","modified_gmt":"2021-12-21T17:02:24","slug":"confirman-tres-casos-de-la-variante-omicron-en-colombia","status":"publish","type":"post","link":"https:\/\/elluchador.info\/?p=204340","title":{"rendered":"Confirman tres casos de la variante \u00f3micron en Colombia"},"content":{"rendered":"\n<p>Colombia anunci\u00f3 este lunes los primeros tres casos de la variante de coronavirus \u00f3micron en dos viajeros provenientes de Estados Unidos y uno de Espa\u00f1a, inform\u00f3 el&nbsp;<a href=\"https:\/\/twitter.com\/MinSaludCol\/status\/1473079525739221001?s=20\" target=\"_blank\" rel=\"noreferrer noopener\">Ministerio de Salud<\/a>.<\/p>\n\n\n\n<p>\u00abDos se identificaron en Cartagena y uno en Santa Marta (norte); siendo dos colombianos y un ciudadano estadounidense\u00bb, indic\u00f3 la autoridad sanitaria en un comunicado, sin dar detalles sobre su estado de salud o nivel vacunaci\u00f3n.<\/p>\n\n\n\n<p>El jefe de la cartera Fernando Ruiz asegur\u00f3 que todav\u00eda \u00abno se ha identificado ninguna circulaci\u00f3n comunitaria\u00bb de \u00f3micron en el pa\u00eds.<\/p>\n\n\n\n<p>Detectada por primera vez en noviembre en Sur\u00e1frica, la nueva cepa est\u00e1 presente en al menos de 80 pa\u00edses y es considerada m\u00e1s contagiosa que sus predecesoras.<\/p>\n\n\n\n<p>\u00d3micron se volvi\u00f3 dominante en Estados Unidos y podr\u00eda convertirse en&nbsp;<a href=\"https:\/\/www.elnacional.com\/bbc-news-mundo\/covid-cuales-son-los-sintomas-hasta-ahora-conocidos-de-la-variante-omicron\/\" target=\"_blank\" rel=\"noreferrer noopener\">la variante<\/a>&nbsp;principal de la Uni\u00f3n Europea en enero, seg\u00fan autoridades.<\/p>\n\n\n\n<h2 class=\"wp-block-heading\">Covid-19 en Colombia<\/h2>\n\n\n\n<p>Con 50 millones de habitantes, Colombia ha detectado m\u00e1s de 5 millones de contagios y cerca de 129.400 personas han muerto por covid-19 desde el inicio de la emergencia sanitaria en marzo de 2020.<\/p>\n\n\n\n<p>Luego de pasar la fase m\u00e1s cr\u00edtica de la pandemia entre abril y julio, con r\u00e9cords diarios de casos y fallecidos, la circulaci\u00f3n del virus cedi\u00f3 gracias a la campa\u00f1a masiva de vacunaci\u00f3n que ya protege a m\u00e1s de la mitad de la poblaci\u00f3n con esquemas completos.<\/p>\n\n\n\n<figure class=\"wp-block-embed is-type-rich is-provider-twitter wp-block-embed-twitter\"><div class=\"wp-block-embed__wrapper\">\nhttps:\/\/twitter.com\/MinSaludCol\/status\/1473079525739221001\n<\/div><\/figure>\n\n\n\n<p><strong>El Nacional<\/strong><\/p>\n","protected":false},"excerpt":{"rendered":"<p>Colombia anunci\u00f3 este lunes los primeros tres casos de la variante de coronavirus \u00f3micron en dos viajeros provenientes de Estados Unidos y uno de Espa\u00f1a, inform\u00f3 el&nbsp;Ministerio de Salud. \u00abDos se identificaron en Cartagena y uno en Santa Marta (norte); siendo dos colombianos y un ciudadano estadounidense\u00bb, indic\u00f3 la autoridad sanitaria en un comunicado, sin [&hellip;]<\/p>\n","protected":false},"author":2,"featured_media":203586,"comment_status":"closed","ping_status":"closed","sticky":false,"template":"","format":"standard","meta":{"footnotes":""},"categories":[8],"tags":[],"class_list":{"0":"post-204340","1":"post","2":"type-post","3":"status-publish","4":"format-standard","5":"has-post-thumbnail","7":"category-internacionales"},"_links":{"self":[{"href":"https:\/\/elluchador.info\/index.php?rest_route=\/wp\/v2\/posts\/204340","targetHints":{"allow":["GET"]}}],"collection":[{"href":"https:\/\/elluchador.info\/index.php?rest_route=\/wp\/v2\/posts"}],"about":[{"href":"https:\/\/elluchador.info\/index.php?rest_route=\/wp\/v2\/types\/post"}],"author":[{"embeddable":true,"href":"https:\/\/elluchador.info\/index.php?rest_route=\/wp\/v2\/users\/2"}],"replies":[{"embeddable":true,"href":"https:\/\/elluchador.info\/index.php?rest_route=%2Fwp%2Fv2%2Fcomments&post=204340"}],"version-history":[{"count":1,"href":"https:\/\/elluchador.info\/index.php?rest_route=\/wp\/v2\/posts\/204340\/revisions"}],"predecessor-version":[{"id":204341,"href":"https:\/\/elluchador.info\/index.php?rest_route=\/wp\/v2\/posts\/204340\/revisions\/204341"}],"wp:featuredmedia":[{"embeddable":true,"href":"https:\/\/elluchador.info\/index.php?rest_route=\/wp\/v2\/media\/203586"}],"wp:attachment":[{"href":"https:\/\/elluchador.info\/index.php?rest_route=%2Fwp%2Fv2%2Fmedia&parent=204340"}],"wp:term":[{"taxonomy":"category","embeddable":true,"href":"https:\/\/elluchador.info\/index.php?rest_route=%2Fwp%2Fv2%2Fcategories&post=204340"},{"taxonomy":"post_tag","embeddable":true,"href":"https:\/\/elluchador.info\/index.php?rest_route=%2Fwp%2Fv2%2Ftags&post=204340"}],"curies":[{"name":"wp","href":"https:\/\/api.w.org\/{rel}","templated":true}]}}