{"id":204381,"date":"2021-12-22T19:54:31","date_gmt":"2021-12-22T23:54:31","guid":{"rendered":"https:\/\/elluchador.info\/web\/?p=204381"},"modified":"2021-12-22T19:54:32","modified_gmt":"2021-12-22T23:54:32","slug":"gobernador-de-bolivar-activa-jornadas-de-fumigacion-para-prevenir-malaria","status":"publish","type":"post","link":"https:\/\/elluchador.info\/?p=204381","title":{"rendered":"Gobernador de Bol\u00edvar activa jornadas de fumigaci\u00f3n para prevenir malaria"},"content":{"rendered":"\n<p>En marco de la Agenda Concreta de Acciones (ACA), orientada por el presidente Nicol\u00e1s Maduro a escala nacional e instalada en el estado Bol\u00edvar por el gobernador \u00c1ngel Marcano, equipos del Instituto de Salud P\u00fablica Bol\u00edvar (Ispeb) est\u00e1n activados en los 11 municipios de la regi\u00f3n, para hacer frente a la pandemia y prevenir a la poblaci\u00f3n de la malaria.<\/p>\n\n\n\n<p>El presidente del Ispeb, doctor Manuel Maurera, inform\u00f3 que ha recibido instrucciones del mandatario regional en estos primeros 100 d\u00edas de gesti\u00f3n, para que la salud y atenci\u00f3n se fortalezcan en las comunidades que integran el estado Bol\u00edvar.<\/p>\n\n\n\n<p>Dijo que est\u00e1n activados en los 11 municipios de la entidad, no solo en primera l\u00ednea de batalla contra el Covid-19, sino tambi\u00e9n, haciendo todos los esfuerzos de prevenci\u00f3n en aquellos municipios que son vulnerables a la malaria.<\/p>\n\n\n\n<p>\u00abTodo nuestro personal est\u00e1 activado en las alcabalas sanitarias, en las jornadas de inmunizaci\u00f3n, en las zonas cercanas a la frontera con Brasil y en los municipios del estado Bol\u00edvar, porque es una orden del gobernador \u00c1ngel Marcano para cuidar al pueblo\u201d.<\/p>\n\n\n\n<p><strong>Fumigaci\u00f3n en Caron\u00ed<br><\/strong><br>El doctor Manuel Maurera hizo referencia a la jornada de fumigaci\u00f3n y toma de Prueba de Diagn\u00f3stico R\u00e1pido de Anticuerpos (PDR) contra la malaria, que se llev\u00f3 a cabo en la parroquia Pozo Verde en el municipio Caron\u00ed, espec\u00edficamente en la comunidad Villa Bel\u00e9n.<\/p>\n\n\n\n<p>Detall\u00f3 que se tomaron pruebas sin ning\u00fan caso positivo. Afirm\u00f3 que fueron fumigadas 248 casas y que se atendieron a m\u00e1s de 315 familias.<\/p>\n\n\n\n<p>\u00abEstamos de frente contra la malaria y contra el Covid-19, es una orden que ha dado el gobernador \u00c1ngel Marcano, nosotros seguiremos protegiendo a las familias del estado Bol\u00edvar\u00bb.<\/p>\n\n\n\n<p><strong><br>Inmunizaci\u00f3n y monitoreo en puentes<\/strong><\/p>\n\n\n\n<p><br>El presidente del Ispeb asegur\u00f3 que contin\u00faan las jornadas de vacunaci\u00f3n y monitoreo en el puente Angostura y en peajes de la regi\u00f3n, donde se est\u00e1n aplicando las vacunas contra Covid-19, fiebre amarilla y PDR malaria.<\/p>\n\n\n\n<figure class=\"wp-block-image size-large\"><img loading=\"lazy\" decoding=\"async\" width=\"1040\" height=\"780\" src=\"https:\/\/elluchador.info\/web\/wp-content\/uploads\/2021\/12\/IMG-20211222-WA0040.jpg\" alt=\"\" class=\"wp-image-204383\" srcset=\"https:\/\/elluchador.info\/wp-content\/uploads\/2021\/12\/IMG-20211222-WA0040.jpg 1040w, https:\/\/elluchador.info\/wp-content\/uploads\/2021\/12\/IMG-20211222-WA0040-300x225.jpg 300w, https:\/\/elluchador.info\/wp-content\/uploads\/2021\/12\/IMG-20211222-WA0040-1024x768.jpg 1024w, https:\/\/elluchador.info\/wp-content\/uploads\/2021\/12\/IMG-20211222-WA0040-768x576.jpg 768w, https:\/\/elluchador.info\/wp-content\/uploads\/2021\/12\/IMG-20211222-WA0040-560x420.jpg 560w, https:\/\/elluchador.info\/wp-content\/uploads\/2021\/12\/IMG-20211222-WA0040-80x60.jpg 80w, https:\/\/elluchador.info\/wp-content\/uploads\/2021\/12\/IMG-20211222-WA0040-100x75.jpg 100w, https:\/\/elluchador.info\/wp-content\/uploads\/2021\/12\/IMG-20211222-WA0040-180x135.jpg 180w, https:\/\/elluchador.info\/wp-content\/uploads\/2021\/12\/IMG-20211222-WA0040-238x178.jpg 238w, https:\/\/elluchador.info\/wp-content\/uploads\/2021\/12\/IMG-20211222-WA0040-640x480.jpg 640w, https:\/\/elluchador.info\/wp-content\/uploads\/2021\/12\/IMG-20211222-WA0040-681x511.jpg 681w\" sizes=\"auto, (max-width: 1040px) 100vw, 1040px\" \/><\/figure>\n\n\n\n<p><strong>Prensa Gobernaci\u00f3n del estado Bol\u00edva<\/strong>r<\/p>\n","protected":false},"excerpt":{"rendered":"<p>En marco de la Agenda Concreta de Acciones (ACA), orientada por el presidente Nicol\u00e1s Maduro a escala nacional e instalada en el estado Bol\u00edvar por el gobernador \u00c1ngel Marcano, equipos del Instituto de Salud P\u00fablica Bol\u00edvar (Ispeb) est\u00e1n activados en los 11 municipios de la regi\u00f3n, para hacer frente a la pandemia y prevenir a [&hellip;]<\/p>\n","protected":false},"author":2,"featured_media":204382,"comment_status":"closed","ping_status":"closed","sticky":false,"template":"","format":"standard","meta":{"footnotes":""},"categories":[5,12,19],"tags":[],"class_list":{"0":"post-204381","1":"post","2":"type-post","3":"status-publish","4":"format-standard","5":"has-post-thumbnail","7":"category-destacado","8":"category-regionales","9":"category-salud"},"_links":{"self":[{"href":"https:\/\/elluchador.info\/index.php?rest_route=\/wp\/v2\/posts\/204381","targetHints":{"allow":["GET"]}}],"collection":[{"href":"https:\/\/elluchador.info\/index.php?rest_route=\/wp\/v2\/posts"}],"about":[{"href":"https:\/\/elluchador.info\/index.php?rest_route=\/wp\/v2\/types\/post"}],"author":[{"embeddable":true,"href":"https:\/\/elluchador.info\/index.php?rest_route=\/wp\/v2\/users\/2"}],"replies":[{"embeddable":true,"href":"https:\/\/elluchador.info\/index.php?rest_route=%2Fwp%2Fv2%2Fcomments&post=204381"}],"version-history":[{"count":1,"href":"https:\/\/elluchador.info\/index.php?rest_route=\/wp\/v2\/posts\/204381\/revisions"}],"predecessor-version":[{"id":204384,"href":"https:\/\/elluchador.info\/index.php?rest_route=\/wp\/v2\/posts\/204381\/revisions\/204384"}],"wp:featuredmedia":[{"embeddable":true,"href":"https:\/\/elluchador.info\/index.php?rest_route=\/wp\/v2\/media\/204382"}],"wp:attachment":[{"href":"https:\/\/elluchador.info\/index.php?rest_route=%2Fwp%2Fv2%2Fmedia&parent=204381"}],"wp:term":[{"taxonomy":"category","embeddable":true,"href":"https:\/\/elluchador.info\/index.php?rest_route=%2Fwp%2Fv2%2Fcategories&post=204381"},{"taxonomy":"post_tag","embeddable":true,"href":"https:\/\/elluchador.info\/index.php?rest_route=%2Fwp%2Fv2%2Ftags&post=204381"}],"curies":[{"name":"wp","href":"https:\/\/api.w.org\/{rel}","templated":true}]}}