{"id":204394,"date":"2021-12-22T20:11:34","date_gmt":"2021-12-23T00:11:34","guid":{"rendered":"https:\/\/elluchador.info\/web\/?p=204394"},"modified":"2021-12-22T20:11:36","modified_gmt":"2021-12-23T00:11:36","slug":"an-convoca-sesion-extraordinaria-para-renovar-totalmente-al-tsj","status":"publish","type":"post","link":"https:\/\/elluchador.info\/?p=204394","title":{"rendered":"AN convoca sesi\u00f3n extraordinaria para renovar totalmente al TSJ"},"content":{"rendered":"\n<p>La Asamblea Nacional convoc\u00f3 una sesi\u00f3n extraordinaria para el 30 de diciembre, con el fin de discutir una propuesta de reforma de la Ley Org\u00e1nica del Tribunal Supremo de Justicia (TSJ).<\/p>\n\n\n\n<p>As\u00ed lo inform\u00f3 el presidente del parlamento Jorge Rodr\u00edguez, al culminar una reuni\u00f3n de balance de la Comisi\u00f3n de Di\u00e1logo y Reconciliaci\u00f3n.<\/p>\n\n\n\n<p>Detall\u00f3 que la reforma presentada por el presidente del M\u00e1ximo Tribunal, Maikel Moreno,\u00a0se refiere espec\u00edficamente al art\u00edculo 8 de la citada ley, con el prop\u00f3sito de reducir el n\u00famero de miembros que actualmente es de 32.<\/p>\n\n\n\n<p>Una vez que la AN apruebe la reforma de la ley y se establezca el n\u00famero de integrantes, se iniciar\u00e1n los procedimientos necesarios para la conformaci\u00f3n de un comit\u00e9 de postulaciones y, posteriormente, la escogencia de los magistrados principales y suplentes de las cinco salas (Administrativa, Electoral, Casaci\u00f3n Civil, Casaci\u00f3n Social y Casaci\u00f3n Penal) y de la Sala Constitucional, explic\u00f3 Rodr\u00edguez.<\/p>\n\n\n\n<p>Banca y Negocios <\/p>\n","protected":false},"excerpt":{"rendered":"<p>La Asamblea Nacional convoc\u00f3 una sesi\u00f3n extraordinaria para el 30 de diciembre, con el fin de discutir una propuesta de reforma de la Ley Org\u00e1nica del Tribunal Supremo de Justicia (TSJ). As\u00ed lo inform\u00f3 el presidente del parlamento Jorge Rodr\u00edguez, al culminar una reuni\u00f3n de balance de la Comisi\u00f3n de Di\u00e1logo y Reconciliaci\u00f3n. Detall\u00f3 que [&hellip;]<\/p>\n","protected":false},"author":2,"featured_media":204395,"comment_status":"closed","ping_status":"closed","sticky":false,"template":"","format":"standard","meta":{"footnotes":""},"categories":[5,11],"tags":[],"class_list":{"0":"post-204394","1":"post","2":"type-post","3":"status-publish","4":"format-standard","5":"has-post-thumbnail","7":"category-destacado","8":"category-politica"},"_links":{"self":[{"href":"https:\/\/elluchador.info\/index.php?rest_route=\/wp\/v2\/posts\/204394","targetHints":{"allow":["GET"]}}],"collection":[{"href":"https:\/\/elluchador.info\/index.php?rest_route=\/wp\/v2\/posts"}],"about":[{"href":"https:\/\/elluchador.info\/index.php?rest_route=\/wp\/v2\/types\/post"}],"author":[{"embeddable":true,"href":"https:\/\/elluchador.info\/index.php?rest_route=\/wp\/v2\/users\/2"}],"replies":[{"embeddable":true,"href":"https:\/\/elluchador.info\/index.php?rest_route=%2Fwp%2Fv2%2Fcomments&post=204394"}],"version-history":[{"count":1,"href":"https:\/\/elluchador.info\/index.php?rest_route=\/wp\/v2\/posts\/204394\/revisions"}],"predecessor-version":[{"id":204396,"href":"https:\/\/elluchador.info\/index.php?rest_route=\/wp\/v2\/posts\/204394\/revisions\/204396"}],"wp:featuredmedia":[{"embeddable":true,"href":"https:\/\/elluchador.info\/index.php?rest_route=\/wp\/v2\/media\/204395"}],"wp:attachment":[{"href":"https:\/\/elluchador.info\/index.php?rest_route=%2Fwp%2Fv2%2Fmedia&parent=204394"}],"wp:term":[{"taxonomy":"category","embeddable":true,"href":"https:\/\/elluchador.info\/index.php?rest_route=%2Fwp%2Fv2%2Fcategories&post=204394"},{"taxonomy":"post_tag","embeddable":true,"href":"https:\/\/elluchador.info\/index.php?rest_route=%2Fwp%2Fv2%2Ftags&post=204394"}],"curies":[{"name":"wp","href":"https:\/\/api.w.org\/{rel}","templated":true}]}}