{"id":204413,"date":"2021-12-23T18:51:52","date_gmt":"2021-12-23T22:51:52","guid":{"rendered":"https:\/\/elluchador.info\/web\/?p=204413"},"modified":"2021-12-23T18:51:52","modified_gmt":"2021-12-23T22:51:52","slug":"rafael-dudamel-campeon-con-cali-como-portero-y-ahora-como-tecnico","status":"publish","type":"post","link":"https:\/\/elluchador.info\/?p=204413","title":{"rendered":"Rafael Dudamel, campe\u00f3n con Cali como portero, y ahora como t\u00e9cnico"},"content":{"rendered":"<p>Rafael Dudamel\u00a0ten\u00eda un sue\u00f1o y lo acaba de cumplir. No era solo el sue\u00f1o de ser campe\u00f3n como t\u00e9cnico en el\u00a0f\u00fatbol colombiano, sino de serlo como t\u00e9cnico en el\u00a0Deportivo Cali. Es que sus ra\u00edces son verdiblancas. Fue portero del equipo cale\u00f1o, gan\u00f3 all\u00ed un t\u00edtulo como futbolista y ahora lo logra como DT. Los sue\u00f1os de Dudamel se cumplen.<\/p>\n<p>El mi\u00e9rcoles el Deportivo Cali, de la mano del director t\u00e9cnico venezolano Rafael Dudamel, se coron\u00f3 campe\u00f3n del torneo Clausura colombiano al vencer 2-1 de visitante al\u00a0<a href=\"https:\/\/twitter.com\/cdtolima?ref_src=twsrc%5Egoogle%7Ctwcamp%5Eserp%7Ctwgr%5Eauthor\" target=\"_blank\" rel=\"noopener noreferrer\">Deportes Tolima<\/a>\u00a0en el partido de vuelta de la final.<\/p>\n<p>\u00abEstos son unos campeones, han demostrado que tienen una determinaci\u00f3n para jugar al f\u00fatbol. Hemos superado a un gran campe\u00f3n, pero porque hemos actuado con grandeza, siempre hemos tenido los pies sobre la tierra sabiendo cu\u00e1les son nuestras limitaciones\u00bb, dijo Dudamel.<\/p>\n<p>\u00abA toda la fanaticada del Cali, gracias por hacerme sentir querido y por acogerme como un hijo m\u00e1s\u00bb, agreg\u00f3 el venezolano.<\/p>\n<p>&nbsp;<\/p>\n<p>El Nacional<\/p>\n","protected":false},"excerpt":{"rendered":"<p>Rafael Dudamel\u00a0ten\u00eda un sue\u00f1o y lo acaba de cumplir. No era solo el sue\u00f1o de ser campe\u00f3n como t\u00e9cnico en el\u00a0f\u00fatbol colombiano, sino de serlo como t\u00e9cnico en el\u00a0Deportivo Cali. Es que sus ra\u00edces son verdiblancas. Fue portero del equipo cale\u00f1o, gan\u00f3 all\u00ed un t\u00edtulo como futbolista y ahora lo logra como DT. Los sue\u00f1os [&hellip;]<\/p>\n","protected":false},"author":2,"featured_media":204414,"comment_status":"closed","ping_status":"closed","sticky":false,"template":"","format":"standard","meta":{"footnotes":""},"categories":[4,5],"tags":[],"class_list":{"0":"post-204413","1":"post","2":"type-post","3":"status-publish","4":"format-standard","5":"has-post-thumbnail","7":"category-deportes","8":"category-destacado"},"_links":{"self":[{"href":"https:\/\/elluchador.info\/index.php?rest_route=\/wp\/v2\/posts\/204413","targetHints":{"allow":["GET"]}}],"collection":[{"href":"https:\/\/elluchador.info\/index.php?rest_route=\/wp\/v2\/posts"}],"about":[{"href":"https:\/\/elluchador.info\/index.php?rest_route=\/wp\/v2\/types\/post"}],"author":[{"embeddable":true,"href":"https:\/\/elluchador.info\/index.php?rest_route=\/wp\/v2\/users\/2"}],"replies":[{"embeddable":true,"href":"https:\/\/elluchador.info\/index.php?rest_route=%2Fwp%2Fv2%2Fcomments&post=204413"}],"version-history":[{"count":1,"href":"https:\/\/elluchador.info\/index.php?rest_route=\/wp\/v2\/posts\/204413\/revisions"}],"predecessor-version":[{"id":204415,"href":"https:\/\/elluchador.info\/index.php?rest_route=\/wp\/v2\/posts\/204413\/revisions\/204415"}],"wp:featuredmedia":[{"embeddable":true,"href":"https:\/\/elluchador.info\/index.php?rest_route=\/wp\/v2\/media\/204414"}],"wp:attachment":[{"href":"https:\/\/elluchador.info\/index.php?rest_route=%2Fwp%2Fv2%2Fmedia&parent=204413"}],"wp:term":[{"taxonomy":"category","embeddable":true,"href":"https:\/\/elluchador.info\/index.php?rest_route=%2Fwp%2Fv2%2Fcategories&post=204413"},{"taxonomy":"post_tag","embeddable":true,"href":"https:\/\/elluchador.info\/index.php?rest_route=%2Fwp%2Fv2%2Ftags&post=204413"}],"curies":[{"name":"wp","href":"https:\/\/api.w.org\/{rel}","templated":true}]}}