{"id":204506,"date":"2021-12-29T11:51:07","date_gmt":"2021-12-29T15:51:07","guid":{"rendered":"https:\/\/elluchador.info\/web\/?p=204506"},"modified":"2021-12-29T11:51:07","modified_gmt":"2021-12-29T15:51:07","slug":"gobierno-instala-fotoceldas-en-las-calles-y-avenidas-de-ciudad-bolivar","status":"publish","type":"post","link":"https:\/\/elluchador.info\/?p=204506","title":{"rendered":"Gobierno instala fotoceldas en las calles y avenidas de Ciudad Bol\u00edvar"},"content":{"rendered":"<p>***La Revoluci\u00f3n Bolivariana optimiza los servicios p\u00fablicos a lo largo y ancho del territorio nacional<\/p>\n<p>En el marco del Plan de Embellecimiento y Recuperaci\u00f3n Ciudad Bol\u00edvar Bonita, impulsado por el gobernador del estado Bol\u00edvar, \u00c1ngel Marcano<br \/>\ny el alcalde de la entidad, Sergio Hern\u00e1ndez, se lleva a cabo la colocaci\u00f3n de fotoceldas en las calles y avenidas del municipio. Es importante destacar que son m\u00e1s de 500 a instalar y, se dio inicio en la avenida T\u00e1chira y Germania.<\/p>\n<p>El alcalde de Ciudad Bol\u00edvar, Sergio Hern\u00e1ndez, indic\u00f3 que gracias al apoyo del mandatario regional, \u00c1ngel Marcano y el presidente de la Corporaci\u00f3n Venezolana de Guayana (CVG), Pedro Maldonado, se comienza con dicha instalaci\u00f3n en las arterias de la ciudad.<\/p>\n<p>Hern\u00e1ndez apunt\u00f3 que buscan modernizar el sistema de alumbrado p\u00fablico; en ese sentido, desde hace varios meses se efect\u00faa la sustituci\u00f3n de las l\u00e1mparas de vapor de sodio por l\u00e1mparas led para garantizar una eficiencia energ\u00e9tica.<\/p>\n<p>\u201cLa onda led llega poco a poco y con la instalaci\u00f3n de la fotoceldas esto va a permitir el encendido autom\u00e1tico en las noches y el apagado en el d\u00eda\u201d, dijo el mandatario municipal.<\/p>\n<p>En ese sentido, recalc\u00f3 que para ir en sinton\u00eda o armon\u00eda con el medio ambiente el sistema se moderniza para generar \u201calta eficiencia y bajo consumo\u201d.<\/p>\n<p>Por su parte, el trabajador de CVG-Venalum, Carlos Hern\u00e1ndez, expres\u00f3 que \u201cpor instrucciones de nuestro gobernador y el alcalde, iniciamos el Plan de Ahorro Energ\u00e9tico gracias al apoyo del doctor Pedro Maldonado, presidente de CVG, que facilit\u00f3 m\u00e1s de 500 fotoceldas (\u2026) Bol\u00edvar Renace y juntos venceremos\u201d.<\/p>\n<p>Vele mencionar que todo este accionar es con el fin de darle cumplimiento al 5to objetivo del Plan de la Patria que es: \u201cla preservaci\u00f3n de la vida en el planeta y la salvaci\u00f3n de la especie humana\u201d.<\/p>\n<p><strong>Mantenimiento<\/strong><br \/>\nParalelo a la instalaci\u00f3n de los sensores de control de luz, se ha desplegado una cuadrilla con: la limpieza, mantenimiento, barrido, y recolecci\u00f3n de los desechos s\u00f3lidos en la avenida T\u00e1chira.<\/p>\n<p>El alcalde de la entidad, se\u00f1al\u00f3 que en cada abordaje se hace el mantenimiento para as\u00ed evitar la acumulaci\u00f3n de desperdicios en las arterias viales.<\/p>\n<p>Por \u00faltimo, enfatiz\u00f3 que las fotoceldas se instalar\u00e1n poco a poco en las diferentes avenidas y calles para garantizar el servicio.<\/p>\n<p><strong>Prensa Alcald\u00eda A\/O<\/strong><\/p>\n","protected":false},"excerpt":{"rendered":"<p>***La Revoluci\u00f3n Bolivariana optimiza los servicios p\u00fablicos a lo largo y ancho del territorio nacional En el marco del Plan de Embellecimiento y Recuperaci\u00f3n Ciudad Bol\u00edvar Bonita, impulsado por el gobernador del estado Bol\u00edvar, \u00c1ngel Marcano y el alcalde de la entidad, Sergio Hern\u00e1ndez, se lleva a cabo la colocaci\u00f3n de fotoceldas en las calles [&hellip;]<\/p>\n","protected":false},"author":2,"featured_media":204507,"comment_status":"closed","ping_status":"closed","sticky":false,"template":"","format":"standard","meta":{"footnotes":""},"categories":[5,12],"tags":[],"class_list":{"0":"post-204506","1":"post","2":"type-post","3":"status-publish","4":"format-standard","5":"has-post-thumbnail","7":"category-destacado","8":"category-regionales"},"_links":{"self":[{"href":"https:\/\/elluchador.info\/index.php?rest_route=\/wp\/v2\/posts\/204506","targetHints":{"allow":["GET"]}}],"collection":[{"href":"https:\/\/elluchador.info\/index.php?rest_route=\/wp\/v2\/posts"}],"about":[{"href":"https:\/\/elluchador.info\/index.php?rest_route=\/wp\/v2\/types\/post"}],"author":[{"embeddable":true,"href":"https:\/\/elluchador.info\/index.php?rest_route=\/wp\/v2\/users\/2"}],"replies":[{"embeddable":true,"href":"https:\/\/elluchador.info\/index.php?rest_route=%2Fwp%2Fv2%2Fcomments&post=204506"}],"version-history":[{"count":1,"href":"https:\/\/elluchador.info\/index.php?rest_route=\/wp\/v2\/posts\/204506\/revisions"}],"predecessor-version":[{"id":204508,"href":"https:\/\/elluchador.info\/index.php?rest_route=\/wp\/v2\/posts\/204506\/revisions\/204508"}],"wp:featuredmedia":[{"embeddable":true,"href":"https:\/\/elluchador.info\/index.php?rest_route=\/wp\/v2\/media\/204507"}],"wp:attachment":[{"href":"https:\/\/elluchador.info\/index.php?rest_route=%2Fwp%2Fv2%2Fmedia&parent=204506"}],"wp:term":[{"taxonomy":"category","embeddable":true,"href":"https:\/\/elluchador.info\/index.php?rest_route=%2Fwp%2Fv2%2Fcategories&post=204506"},{"taxonomy":"post_tag","embeddable":true,"href":"https:\/\/elluchador.info\/index.php?rest_route=%2Fwp%2Fv2%2Ftags&post=204506"}],"curies":[{"name":"wp","href":"https:\/\/api.w.org\/{rel}","templated":true}]}}