{"id":204557,"date":"2021-12-30T11:21:35","date_gmt":"2021-12-30T15:21:35","guid":{"rendered":"https:\/\/elluchador.info\/web\/?p=204557"},"modified":"2021-12-30T11:21:35","modified_gmt":"2021-12-30T15:21:35","slug":"fundavi-celebrara-hoy-los-28-anos-de-el-cristo-viviente","status":"publish","type":"post","link":"https:\/\/elluchador.info\/?p=204557","title":{"rendered":"FUNDAVI celebrar\u00e1 hoy los 28 a\u00f1os de El Cristo Viviente"},"content":{"rendered":"<div>Para darle continuidad y no perder la tradici\u00f3n, FUNDAVI estar\u00e1 presentando hoy una significativa celebraci\u00f3n por los 28 a\u00f1os de la obra teatral El Cristo Viviente con una misa en Acci\u00f3n de Gracia concelebrada en la iglesia San Jos\u00e9 de Las Moreas sagrado Coraz\u00f3n de Jes\u00fas, a las 6 de la tarde.<\/div>\n<div><\/div>\n<div>As\u00ed comenz\u00f3 expres\u00e1ndose Starling Aular, presidente de FUNDAVI quien adem\u00e1s invit\u00f3 a toda la comunidad y a todo el elenco art\u00edstico de las ediciones anteriores de El Cristo Viviente a hacer acto de presencia en la iglesia San Jos\u00e9 en Las Moreas en donde ser\u00e1 la gran concentraci\u00f3n de los actores.<\/div>\n<div><\/div>\n<div>Como comprender\u00e1n, estos dos \u00faltimos a\u00f1os no se ha podido escenificar de manera presencial por el COVID, sin embrago, el a\u00f1o pasado se realiz\u00f3 de manera virtual.<\/div>\n<div><\/div>\n<div>Para esta nueva edici\u00f3n se estar\u00e1 llevando a cabo una misa en Acci\u00f3n de Gracia por los 28 a\u00f1os de esta magna y tradicional obra teatral en la iglesia San Jos\u00e9, a las 6 de la tarde. Esperando que para el a\u00f1o que viene se realice de manera presencial, si Dios lo permite, con nuestro p\u00fablico ya cautivo en Semana Santa 2022.<\/div>\n","protected":false},"excerpt":{"rendered":"<p>Para darle continuidad y no perder la tradici\u00f3n, FUNDAVI estar\u00e1 presentando hoy una significativa celebraci\u00f3n por los 28 a\u00f1os de la obra teatral El Cristo Viviente con una misa en Acci\u00f3n de Gracia concelebrada en la iglesia San Jos\u00e9 de Las Moreas sagrado Coraz\u00f3n de Jes\u00fas, a las 6 de la tarde. As\u00ed comenz\u00f3 expres\u00e1ndose [&hellip;]<\/p>\n","protected":false},"author":2,"featured_media":204558,"comment_status":"closed","ping_status":"closed","sticky":false,"template":"","format":"standard","meta":{"footnotes":""},"categories":[5,12],"tags":[],"class_list":{"0":"post-204557","1":"post","2":"type-post","3":"status-publish","4":"format-standard","5":"has-post-thumbnail","7":"category-destacado","8":"category-regionales"},"_links":{"self":[{"href":"https:\/\/elluchador.info\/index.php?rest_route=\/wp\/v2\/posts\/204557","targetHints":{"allow":["GET"]}}],"collection":[{"href":"https:\/\/elluchador.info\/index.php?rest_route=\/wp\/v2\/posts"}],"about":[{"href":"https:\/\/elluchador.info\/index.php?rest_route=\/wp\/v2\/types\/post"}],"author":[{"embeddable":true,"href":"https:\/\/elluchador.info\/index.php?rest_route=\/wp\/v2\/users\/2"}],"replies":[{"embeddable":true,"href":"https:\/\/elluchador.info\/index.php?rest_route=%2Fwp%2Fv2%2Fcomments&post=204557"}],"version-history":[{"count":1,"href":"https:\/\/elluchador.info\/index.php?rest_route=\/wp\/v2\/posts\/204557\/revisions"}],"predecessor-version":[{"id":204559,"href":"https:\/\/elluchador.info\/index.php?rest_route=\/wp\/v2\/posts\/204557\/revisions\/204559"}],"wp:featuredmedia":[{"embeddable":true,"href":"https:\/\/elluchador.info\/index.php?rest_route=\/wp\/v2\/media\/204558"}],"wp:attachment":[{"href":"https:\/\/elluchador.info\/index.php?rest_route=%2Fwp%2Fv2%2Fmedia&parent=204557"}],"wp:term":[{"taxonomy":"category","embeddable":true,"href":"https:\/\/elluchador.info\/index.php?rest_route=%2Fwp%2Fv2%2Fcategories&post=204557"},{"taxonomy":"post_tag","embeddable":true,"href":"https:\/\/elluchador.info\/index.php?rest_route=%2Fwp%2Fv2%2Ftags&post=204557"}],"curies":[{"name":"wp","href":"https:\/\/api.w.org\/{rel}","templated":true}]}}