{"id":204623,"date":"2022-01-02T20:54:00","date_gmt":"2022-01-03T00:54:00","guid":{"rendered":"https:\/\/elluchador.info\/web\/?p=204623"},"modified":"2022-01-02T20:54:00","modified_gmt":"2022-01-03T00:54:00","slug":"este-lunes-03-de-enero-inicia-la-vacunacion-de-tercer-refuerzo-contra-el-covid-19","status":"publish","type":"post","link":"https:\/\/elluchador.info\/?p=204623","title":{"rendered":"Este lunes 03 de enero inicia la vacunaci\u00f3n de tercer refuerzo contra el covid-19"},"content":{"rendered":"<p>-\u00abMa\u00f1ana (lunes 3 de enero) empezamos la vacunaci\u00f3n de refuerzo (\u2026) tenemos vacunas para el refuerzo todo el a\u00f1o 2022, afortunadamente, gracias a Dios\u00bb, dijo.<\/p>\n<p>Este domingo, el presidente de la Rep\u00fablica, Nicol\u00e1s Maduro, a trav\u00e9s de un audio difundido por las redes sociales, reiter\u00f3 que el programa de terceras dosis se realizar\u00e1 a lo largo de todo el nuevo a\u00f1o.<\/p>\n<p>El plan de vacunaci\u00f3n de refuerzo contra el coronavirus inicia este lunes 3 de enero con el personal sanitario.<\/p>\n<p>Detall\u00f3 que la tasa de contagio se encuentra en cinco casos por cada 100 mil habitantes y que la inmunizaci\u00f3n alcanza el 91% de los venezolanos han sido vacunados.<\/p>\n<p>&nbsp;<\/p>\n<p>Cronograma:<\/p>\n<p>&nbsp;<\/p>\n<p>3 de enero: Personal de salud (70 mil trabajadores).<\/p>\n<p>&nbsp;<\/p>\n<p>10 de enero: Adultos mayores de 60 a\u00f1os (3 millones 600 mil personas)<\/p>\n<p>&nbsp;<\/p>\n<p>17 de enero: Entre 19 y 59 a\u00f1os con dos o m\u00e1s patolog\u00edas que pueden complicar el cuadro en caso de adquirir covid-19 y comprometer el sistema inmunol\u00f3gico; funcionarios del Estado, integrantes de cuerpos de seguridad.<\/p>\n<p>A partir de febrero corresponde al resto de la poblaci\u00f3n.<\/p>\n<p>Uni\u00f3n Radio<\/p>\n","protected":false},"excerpt":{"rendered":"<p>-\u00abMa\u00f1ana (lunes 3 de enero) empezamos la vacunaci\u00f3n de refuerzo (\u2026) tenemos vacunas para el refuerzo todo el a\u00f1o 2022, afortunadamente, gracias a Dios\u00bb, dijo. Este domingo, el presidente de la Rep\u00fablica, Nicol\u00e1s Maduro, a trav\u00e9s de un audio difundido por las redes sociales, reiter\u00f3 que el programa de terceras dosis se realizar\u00e1 a lo [&hellip;]<\/p>\n","protected":false},"author":2,"featured_media":204624,"comment_status":"closed","ping_status":"closed","sticky":false,"template":"","format":"standard","meta":{"footnotes":""},"categories":[5,9,19],"tags":[],"class_list":{"0":"post-204623","1":"post","2":"type-post","3":"status-publish","4":"format-standard","5":"has-post-thumbnail","7":"category-destacado","8":"category-nacionales","9":"category-salud"},"_links":{"self":[{"href":"https:\/\/elluchador.info\/index.php?rest_route=\/wp\/v2\/posts\/204623","targetHints":{"allow":["GET"]}}],"collection":[{"href":"https:\/\/elluchador.info\/index.php?rest_route=\/wp\/v2\/posts"}],"about":[{"href":"https:\/\/elluchador.info\/index.php?rest_route=\/wp\/v2\/types\/post"}],"author":[{"embeddable":true,"href":"https:\/\/elluchador.info\/index.php?rest_route=\/wp\/v2\/users\/2"}],"replies":[{"embeddable":true,"href":"https:\/\/elluchador.info\/index.php?rest_route=%2Fwp%2Fv2%2Fcomments&post=204623"}],"version-history":[{"count":1,"href":"https:\/\/elluchador.info\/index.php?rest_route=\/wp\/v2\/posts\/204623\/revisions"}],"predecessor-version":[{"id":204625,"href":"https:\/\/elluchador.info\/index.php?rest_route=\/wp\/v2\/posts\/204623\/revisions\/204625"}],"wp:featuredmedia":[{"embeddable":true,"href":"https:\/\/elluchador.info\/index.php?rest_route=\/wp\/v2\/media\/204624"}],"wp:attachment":[{"href":"https:\/\/elluchador.info\/index.php?rest_route=%2Fwp%2Fv2%2Fmedia&parent=204623"}],"wp:term":[{"taxonomy":"category","embeddable":true,"href":"https:\/\/elluchador.info\/index.php?rest_route=%2Fwp%2Fv2%2Fcategories&post=204623"},{"taxonomy":"post_tag","embeddable":true,"href":"https:\/\/elluchador.info\/index.php?rest_route=%2Fwp%2Fv2%2Ftags&post=204623"}],"curies":[{"name":"wp","href":"https:\/\/api.w.org\/{rel}","templated":true}]}}