{"id":204637,"date":"2022-01-03T11:21:32","date_gmt":"2022-01-03T15:21:32","guid":{"rendered":"https:\/\/elluchador.info\/web\/?p=204637"},"modified":"2022-01-03T11:21:32","modified_gmt":"2022-01-03T15:21:32","slug":"fedecamaras-bolivar-calcula-una-caida-del-consumo-del-30-entre-diciembre-de-2020-y-2021","status":"publish","type":"post","link":"https:\/\/elluchador.info\/?p=204637","title":{"rendered":"Fedec\u00e1maras Bol\u00edvar calcula una ca\u00edda del consumo del 30% entre diciembre de 2020 y 2021"},"content":{"rendered":"<p>Fedec\u00e1maras Bol\u00edvar estima una ca\u00edda del consumo en la entidad de un<br \/>\n30% entre diciembre de 2020 y diciembre 2021, una reducci\u00f3n en ventas<br \/>\nque ha afectado al empresario en la regi\u00f3n, ya asfixiado por m\u00e1s de 20<br \/>\nmeses de pandemia.<\/p>\n<p>\u201cLo que me expresan los afiliados es que el consumo ha bajado<br \/>\nconsiderablemente con respecto al a\u00f1o pasado (&#8230;) Las compras, el<br \/>\nmovimiento de los comercios fue bastante lento\u201d, dijo el presidente del<br \/>\ngremio, Austerio Gonz\u00e1lez.<\/p>\n<p>De acuerdo con Gonz\u00e1lez, el sector de licores -uno de los bienes m\u00e1s<br \/>\ndemandados en \u00e9poca decembrina- tambien tuvo una ca\u00edda del consumo<br \/>\npor las limitantes de distribuci\u00f3n al sur del estado Bol\u00edvar.<\/p>\n<p>Se\u00f1al\u00f3 que uno de los principales factores que afectan al consumo es que<br \/>\ncerca de 3 millones de trabajadores del sector p\u00fablico no tienen capacidad<br \/>\necon\u00f3mica para adquirir bienes y servicios, por los bajos salarios.<\/p>\n<p>Desde Fedec\u00e1maras Bol\u00edvar, estiman una recuperaci\u00f3n econ\u00f3mica del 5%<br \/>\npara el a\u00f1o 2022. Gonz\u00e1lez indic\u00f3 que son optimistas, pero hay que<br \/>\nincentivar y darle herramientas al sector primario, para impulsar la<br \/>\nproducci\u00f3n nacional y generar mayor empleo. \u201cEso es fundamental para<br \/>\nfortalecer la econom\u00eda de Venezuela\u201d, a\u00f1adi\u00f3.<\/p>\n<p><strong>Esperan flexibilizaci\u00f3n en enero<\/strong><\/p>\n<p>Ante lo que podr\u00eda ser un retorno a la cuarentena en inicios de enero,<br \/>\nGonz\u00e1lez manifest\u00f3 que esperan continuar trabajando sin restricciones<br \/>\npara recuperar el aparato productivo. \u201cTenemos que aprender a convivir y<br \/>\na desarrollar la econom\u00eda en pandemia\u201d, dijo.<\/p>\n<p>El l\u00edder gremial insisti\u00f3 que los contagios por COVID-19 no est\u00e1n sujetos a<br \/>\nla apertura de comercios y negocios y que continuar en flexibilizaci\u00f3n es<br \/>\nla \u00fanica manera de recuperar la econom\u00eda.<\/p>\n<p><strong>Fedec\u00e1maras Bol\u00edvar<\/strong><\/p>\n","protected":false},"excerpt":{"rendered":"<p>Fedec\u00e1maras Bol\u00edvar estima una ca\u00edda del consumo en la entidad de un 30% entre diciembre de 2020 y diciembre 2021, una reducci\u00f3n en ventas que ha afectado al empresario en la regi\u00f3n, ya asfixiado por m\u00e1s de 20 meses de pandemia. \u201cLo que me expresan los afiliados es que el consumo ha bajado considerablemente con [&hellip;]<\/p>\n","protected":false},"author":2,"featured_media":204638,"comment_status":"closed","ping_status":"closed","sticky":false,"template":"","format":"standard","meta":{"footnotes":""},"categories":[5,12],"tags":[],"class_list":{"0":"post-204637","1":"post","2":"type-post","3":"status-publish","4":"format-standard","5":"has-post-thumbnail","7":"category-destacado","8":"category-regionales"},"_links":{"self":[{"href":"https:\/\/elluchador.info\/index.php?rest_route=\/wp\/v2\/posts\/204637","targetHints":{"allow":["GET"]}}],"collection":[{"href":"https:\/\/elluchador.info\/index.php?rest_route=\/wp\/v2\/posts"}],"about":[{"href":"https:\/\/elluchador.info\/index.php?rest_route=\/wp\/v2\/types\/post"}],"author":[{"embeddable":true,"href":"https:\/\/elluchador.info\/index.php?rest_route=\/wp\/v2\/users\/2"}],"replies":[{"embeddable":true,"href":"https:\/\/elluchador.info\/index.php?rest_route=%2Fwp%2Fv2%2Fcomments&post=204637"}],"version-history":[{"count":1,"href":"https:\/\/elluchador.info\/index.php?rest_route=\/wp\/v2\/posts\/204637\/revisions"}],"predecessor-version":[{"id":204639,"href":"https:\/\/elluchador.info\/index.php?rest_route=\/wp\/v2\/posts\/204637\/revisions\/204639"}],"wp:featuredmedia":[{"embeddable":true,"href":"https:\/\/elluchador.info\/index.php?rest_route=\/wp\/v2\/media\/204638"}],"wp:attachment":[{"href":"https:\/\/elluchador.info\/index.php?rest_route=%2Fwp%2Fv2%2Fmedia&parent=204637"}],"wp:term":[{"taxonomy":"category","embeddable":true,"href":"https:\/\/elluchador.info\/index.php?rest_route=%2Fwp%2Fv2%2Fcategories&post=204637"},{"taxonomy":"post_tag","embeddable":true,"href":"https:\/\/elluchador.info\/index.php?rest_route=%2Fwp%2Fv2%2Ftags&post=204637"}],"curies":[{"name":"wp","href":"https:\/\/api.w.org\/{rel}","templated":true}]}}