{"id":204652,"date":"2022-01-03T13:38:20","date_gmt":"2022-01-03T17:38:20","guid":{"rendered":"https:\/\/elluchador.info\/web\/?p=204652"},"modified":"2022-01-03T13:38:20","modified_gmt":"2022-01-03T17:38:20","slug":"los-pendientes-que-dejo-el-ano-viejo-en-ciudad-bolivar-este-2022-los-afectados-quieren-pronta-solucion","status":"publish","type":"post","link":"https:\/\/elluchador.info\/?p=204652","title":{"rendered":"Los pendientes que dej\u00f3 el a\u00f1o viejo en Ciudad Bol\u00edvar: Este 2022 los afectados quieren pronta soluci\u00f3n"},"content":{"rendered":"<p>*** Tres de esas problem\u00e1ticas llevan m\u00e1s de 6 meses y a\u00fan no son solventadas<\/p>\n<p>Se fue el a\u00f1o 2021, pero quedaron muchas problem\u00e1ticas sociales y comunitarias que resolver. Entre las que figuran el puente de los Aceiticos II, puente de Primero de Mayo, calle II en el sector Medina Angarita y calle Valencia de la Sabanita.<\/p>\n<p>Puente de Aceiticos II: Lleva m\u00e1s de 5 meses que est\u00e9 pasadero se derrumb\u00f3, y a\u00fan no lo han reparado. Una obra p\u00fablica necesaria para los ciudadanos que transitan caminado como en veh\u00edculo, ya que esa v\u00eda conduce al m\u00f3dulo asistencial que est\u00e1 a pocos metros de el puente.<\/p>\n<figure id=\"attachment_204653\" aria-describedby=\"caption-attachment-204653\" style=\"width: 300px\" class=\"wp-caption alignnone\"><img loading=\"lazy\" decoding=\"async\" class=\"size-medium wp-image-204653\" src=\"https:\/\/elluchador.info\/web\/wp-content\/uploads\/2022\/01\/Los-Aceiticos-II-300x225.jpg\" alt=\"\" width=\"300\" height=\"225\" srcset=\"https:\/\/elluchador.info\/wp-content\/uploads\/2022\/01\/Los-Aceiticos-II-300x225.jpg 300w, https:\/\/elluchador.info\/wp-content\/uploads\/2022\/01\/Los-Aceiticos-II-768x576.jpg 768w, https:\/\/elluchador.info\/wp-content\/uploads\/2022\/01\/Los-Aceiticos-II-560x420.jpg 560w, https:\/\/elluchador.info\/wp-content\/uploads\/2022\/01\/Los-Aceiticos-II-80x60.jpg 80w, https:\/\/elluchador.info\/wp-content\/uploads\/2022\/01\/Los-Aceiticos-II-100x75.jpg 100w, https:\/\/elluchador.info\/wp-content\/uploads\/2022\/01\/Los-Aceiticos-II-180x135.jpg 180w, https:\/\/elluchador.info\/wp-content\/uploads\/2022\/01\/Los-Aceiticos-II-238x178.jpg 238w, https:\/\/elluchador.info\/wp-content\/uploads\/2022\/01\/Los-Aceiticos-II-640x480.jpg 640w, https:\/\/elluchador.info\/wp-content\/uploads\/2022\/01\/Los-Aceiticos-II-681x511.jpg 681w, https:\/\/elluchador.info\/wp-content\/uploads\/2022\/01\/Los-Aceiticos-II.jpg 992w\" sizes=\"auto, (max-width: 300px) 100vw, 300px\" \/><figcaption id=\"caption-attachment-204653\" class=\"wp-caption-text\">As\u00ed sigue el Puente de Aceiticos II. Desde hace 5 meses no tiene paso vehicular<\/figcaption><\/figure>\n<p>Otro es el puente de 1ro de Mayo, tambi\u00e9n lleva m\u00e1s de cinco meses que pudimos conocer que el puente se est\u00e1 socavando y que en cualquier momento va a queda como el de los Aceiticos. Los vecinos de la zona cuando los entrevistamos meses atr\u00e1s, alegaron que el derrumbe se dio por la falta de mantenimiento y esperaban le metieran la mano de restaurar el puente.<\/p>\n<figure id=\"attachment_204654\" aria-describedby=\"caption-attachment-204654\" style=\"width: 300px\" class=\"wp-caption alignnone\"><img loading=\"lazy\" decoding=\"async\" class=\"size-medium wp-image-204654\" src=\"https:\/\/elluchador.info\/web\/wp-content\/uploads\/2022\/01\/El-puente-primero-de-mayo-300x233.jpg\" alt=\"\" width=\"300\" height=\"233\" srcset=\"https:\/\/elluchador.info\/wp-content\/uploads\/2022\/01\/El-puente-primero-de-mayo-300x233.jpg 300w, https:\/\/elluchador.info\/wp-content\/uploads\/2022\/01\/El-puente-primero-de-mayo-1024x795.jpg 1024w, https:\/\/elluchador.info\/wp-content\/uploads\/2022\/01\/El-puente-primero-de-mayo-768x597.jpg 768w, https:\/\/elluchador.info\/wp-content\/uploads\/2022\/01\/El-puente-primero-de-mayo-541x420.jpg 541w, https:\/\/elluchador.info\/wp-content\/uploads\/2022\/01\/El-puente-primero-de-mayo-640x497.jpg 640w, https:\/\/elluchador.info\/wp-content\/uploads\/2022\/01\/El-puente-primero-de-mayo-681x529.jpg 681w, https:\/\/elluchador.info\/wp-content\/uploads\/2022\/01\/El-puente-primero-de-mayo.jpg 1080w\" sizes=\"auto, (max-width: 300px) 100vw, 300px\" \/><figcaption id=\"caption-attachment-204654\" class=\"wp-caption-text\">El puente Primero de Mayo contin\u00faa socav\u00e1ndose<\/figcaption><\/figure>\n<p>Por otro lado, est\u00e1 la problem\u00e1tica de la calle II del sector Medina Angarita, un karma tienen los vecinos de los alrededores con el desborde de aguas negras que hay en la zona. De acuerdo a las declaraciones del luchador social Anibal Ortiz, antes de las elecciones les dijeron les iban a resolver, les dejaron el trabajo a media, y recibieron el 2022 en medio de la contaminaci\u00f3n.<\/p>\n<figure id=\"attachment_204655\" aria-describedby=\"caption-attachment-204655\" style=\"width: 300px\" class=\"wp-caption alignnone\"><img loading=\"lazy\" decoding=\"async\" class=\"size-medium wp-image-204655\" src=\"https:\/\/elluchador.info\/web\/wp-content\/uploads\/2022\/01\/Calle-II-del-sector-Medina-Angarita-300x169.jpg\" alt=\"\" width=\"300\" height=\"169\" srcset=\"https:\/\/elluchador.info\/wp-content\/uploads\/2022\/01\/Calle-II-del-sector-Medina-Angarita-300x169.jpg 300w, https:\/\/elluchador.info\/wp-content\/uploads\/2022\/01\/Calle-II-del-sector-Medina-Angarita-1024x576.jpg 1024w, https:\/\/elluchador.info\/wp-content\/uploads\/2022\/01\/Calle-II-del-sector-Medina-Angarita-768x432.jpg 768w, https:\/\/elluchador.info\/wp-content\/uploads\/2022\/01\/Calle-II-del-sector-Medina-Angarita-746x420.jpg 746w, https:\/\/elluchador.info\/wp-content\/uploads\/2022\/01\/Calle-II-del-sector-Medina-Angarita-640x360.jpg 640w, https:\/\/elluchador.info\/wp-content\/uploads\/2022\/01\/Calle-II-del-sector-Medina-Angarita-681x383.jpg 681w, https:\/\/elluchador.info\/wp-content\/uploads\/2022\/01\/Calle-II-del-sector-Medina-Angarita-1021x580.jpg 1021w, https:\/\/elluchador.info\/wp-content\/uploads\/2022\/01\/Calle-II-del-sector-Medina-Angarita.jpg 1080w\" sizes=\"auto, (max-width: 300px) 100vw, 300px\" \/><figcaption id=\"caption-attachment-204655\" class=\"wp-caption-text\">En la Calle II del sector Medina Angarita las aguas negras est\u00e1n cerca de inundar las casas<\/figcaption><\/figure>\n<p>En la calle Valencia, de La Sabanita, hay una situaci\u00f3n en dos casas de esa misma calle. Ya que por el patio de cada una, atraviesa una tuber\u00eda madre que se parti\u00f3 y ha causado problema internamente. En una de las viviendas estuvo la secretaria de Gobierno con una comisi\u00f3n, el cual acudi\u00f3 al llamado de la gente, donde Hidrobolivar est\u00e1 atendiendo el caso, pero d\u00edas despu\u00e9s no fueron m\u00e1s, y de los otros afectados, que es la familia Granados, esperan soluciones inmediatas de la reparaci\u00f3n de la tuber\u00eda madre y del tubo sustituido frente de su casa, que tienen un hueco de la obra que no est\u00e1 terminada.<\/p>\n<figure id=\"attachment_204656\" aria-describedby=\"caption-attachment-204656\" style=\"width: 169px\" class=\"wp-caption alignnone\"><img loading=\"lazy\" decoding=\"async\" class=\"size-medium wp-image-204656\" src=\"https:\/\/elluchador.info\/web\/wp-content\/uploads\/2022\/01\/Trabajo-incompleto-de-la-calle-Valencia-169x300.jpg\" alt=\"\" width=\"169\" height=\"300\" srcset=\"https:\/\/elluchador.info\/wp-content\/uploads\/2022\/01\/Trabajo-incompleto-de-la-calle-Valencia-169x300.jpg 169w, https:\/\/elluchador.info\/wp-content\/uploads\/2022\/01\/Trabajo-incompleto-de-la-calle-Valencia-576x1024.jpg 576w, https:\/\/elluchador.info\/wp-content\/uploads\/2022\/01\/Trabajo-incompleto-de-la-calle-Valencia-236x420.jpg 236w, https:\/\/elluchador.info\/wp-content\/uploads\/2022\/01\/Trabajo-incompleto-de-la-calle-Valencia.jpg 608w\" sizes=\"auto, (max-width: 169px) 100vw, 169px\" \/><figcaption id=\"caption-attachment-204656\" class=\"wp-caption-text\">Trabajo sin finalizar en la calle Valencia. Se le suman los derrames de agua potable de la tuber\u00eda madre<\/figcaption><\/figure>\n<p>V\u00eda WhatsApp se mantuvo el contacto con las personas que viven aleda\u00f1o a estas zonas afectadas, y esperan que en el 2022, contar con las autoridades competentes, les ayuden a solventar estas problem\u00e1ticas de su comunidad.<\/p>\n<p><strong>Yanitza Mart\u00ednez CNP 19.403<\/strong><\/p>\n","protected":false},"excerpt":{"rendered":"<p>*** Tres de esas problem\u00e1ticas llevan m\u00e1s de 6 meses y a\u00fan no son solventadas Se fue el a\u00f1o 2021, pero quedaron muchas problem\u00e1ticas sociales y comunitarias que resolver. Entre las que figuran el puente de los Aceiticos II, puente de Primero de Mayo, calle II en el sector Medina Angarita y calle Valencia de [&hellip;]<\/p>\n","protected":false},"author":2,"featured_media":204657,"comment_status":"closed","ping_status":"closed","sticky":false,"template":"","format":"standard","meta":{"footnotes":""},"categories":[5,12],"tags":[],"class_list":{"0":"post-204652","1":"post","2":"type-post","3":"status-publish","4":"format-standard","5":"has-post-thumbnail","7":"category-destacado","8":"category-regionales"},"_links":{"self":[{"href":"https:\/\/elluchador.info\/index.php?rest_route=\/wp\/v2\/posts\/204652","targetHints":{"allow":["GET"]}}],"collection":[{"href":"https:\/\/elluchador.info\/index.php?rest_route=\/wp\/v2\/posts"}],"about":[{"href":"https:\/\/elluchador.info\/index.php?rest_route=\/wp\/v2\/types\/post"}],"author":[{"embeddable":true,"href":"https:\/\/elluchador.info\/index.php?rest_route=\/wp\/v2\/users\/2"}],"replies":[{"embeddable":true,"href":"https:\/\/elluchador.info\/index.php?rest_route=%2Fwp%2Fv2%2Fcomments&post=204652"}],"version-history":[{"count":1,"href":"https:\/\/elluchador.info\/index.php?rest_route=\/wp\/v2\/posts\/204652\/revisions"}],"predecessor-version":[{"id":204658,"href":"https:\/\/elluchador.info\/index.php?rest_route=\/wp\/v2\/posts\/204652\/revisions\/204658"}],"wp:featuredmedia":[{"embeddable":true,"href":"https:\/\/elluchador.info\/index.php?rest_route=\/wp\/v2\/media\/204657"}],"wp:attachment":[{"href":"https:\/\/elluchador.info\/index.php?rest_route=%2Fwp%2Fv2%2Fmedia&parent=204652"}],"wp:term":[{"taxonomy":"category","embeddable":true,"href":"https:\/\/elluchador.info\/index.php?rest_route=%2Fwp%2Fv2%2Fcategories&post=204652"},{"taxonomy":"post_tag","embeddable":true,"href":"https:\/\/elluchador.info\/index.php?rest_route=%2Fwp%2Fv2%2Ftags&post=204652"}],"curies":[{"name":"wp","href":"https:\/\/api.w.org\/{rel}","templated":true}]}}