{"id":204677,"date":"2022-01-03T19:34:21","date_gmt":"2022-01-03T23:34:21","guid":{"rendered":"https:\/\/elluchador.info\/web\/?p=204677"},"modified":"2022-01-03T19:34:21","modified_gmt":"2022-01-03T23:34:21","slug":"real-madrid-prepara-su-estreno-en-la-copa-del-rey","status":"publish","type":"post","link":"https:\/\/elluchador.info\/?p=204677","title":{"rendered":"Real Madrid prepara su estreno en la Copa del Rey"},"content":{"rendered":"<p>Horas despu\u00e9s de comenzar el 2022 con una derrota en LaLiga Santander en la visita al Getafe, el Real Madrid aparc\u00f3 la competici\u00f3n dom\u00e9stica y se centr\u00f3 en la Copa del Rey, torneo en el que se estrena el mi\u00e9rcoles ante el Alcoyano en una cita que comenz\u00f3 a preparar con un entrenamiento sin los lesionados Dani Carvajal ni Gareth Bale.<\/p>\n<p>De momento Carlo Ancelotti sigue sin poder contar por coronavirus con el brasile\u00f1o Vin\u00edcius, que ya ha dado negativo en un PCR y espera refrendarlo en un test de LaLiga para reincorporarse el martes a los entrenamientos; ni con el serbio Luka Jovic que volvi\u00f3 a ser positivo en su prueba.<\/p>\n<p>El t\u00e9cnico italiano cuenta con las bajas seguras para Copa del Rey de Carvajal, que trabaj\u00f3 sobre el c\u00e9sped en solitario y no va a forzar su regreso tras los problemas musculares sufridos ante el C\u00e1diz el 19 de diciembre, y Bale, que se ejercit\u00f3 en el interior de las instalaciones de la ciudad deportiva y, seg\u00fan informan desde el club, podr\u00e1 reaparecer el s\u00e1bado en Liga ante el Valencia. En el caso de Carvajal se apunta a la Supercopa de Espa\u00f1a como posible fecha de vuelta.<\/p>\n<p>EFE\/Uni\u00f3n Radio<\/p>\n","protected":false},"excerpt":{"rendered":"<p>Horas despu\u00e9s de comenzar el 2022 con una derrota en LaLiga Santander en la visita al Getafe, el Real Madrid aparc\u00f3 la competici\u00f3n dom\u00e9stica y se centr\u00f3 en la Copa del Rey, torneo en el que se estrena el mi\u00e9rcoles ante el Alcoyano en una cita que comenz\u00f3 a preparar con un entrenamiento sin los [&hellip;]<\/p>\n","protected":false},"author":2,"featured_media":0,"comment_status":"closed","ping_status":"closed","sticky":false,"template":"","format":"standard","meta":{"footnotes":""},"categories":[4],"tags":[],"class_list":{"0":"post-204677","1":"post","2":"type-post","3":"status-publish","4":"format-standard","6":"category-deportes"},"_links":{"self":[{"href":"https:\/\/elluchador.info\/index.php?rest_route=\/wp\/v2\/posts\/204677","targetHints":{"allow":["GET"]}}],"collection":[{"href":"https:\/\/elluchador.info\/index.php?rest_route=\/wp\/v2\/posts"}],"about":[{"href":"https:\/\/elluchador.info\/index.php?rest_route=\/wp\/v2\/types\/post"}],"author":[{"embeddable":true,"href":"https:\/\/elluchador.info\/index.php?rest_route=\/wp\/v2\/users\/2"}],"replies":[{"embeddable":true,"href":"https:\/\/elluchador.info\/index.php?rest_route=%2Fwp%2Fv2%2Fcomments&post=204677"}],"version-history":[{"count":1,"href":"https:\/\/elluchador.info\/index.php?rest_route=\/wp\/v2\/posts\/204677\/revisions"}],"predecessor-version":[{"id":204678,"href":"https:\/\/elluchador.info\/index.php?rest_route=\/wp\/v2\/posts\/204677\/revisions\/204678"}],"wp:attachment":[{"href":"https:\/\/elluchador.info\/index.php?rest_route=%2Fwp%2Fv2%2Fmedia&parent=204677"}],"wp:term":[{"taxonomy":"category","embeddable":true,"href":"https:\/\/elluchador.info\/index.php?rest_route=%2Fwp%2Fv2%2Fcategories&post=204677"},{"taxonomy":"post_tag","embeddable":true,"href":"https:\/\/elluchador.info\/index.php?rest_route=%2Fwp%2Fv2%2Ftags&post=204677"}],"curies":[{"name":"wp","href":"https:\/\/api.w.org\/{rel}","templated":true}]}}