{"id":204680,"date":"2022-01-03T19:37:02","date_gmt":"2022-01-03T23:37:02","guid":{"rendered":"https:\/\/elluchador.info\/web\/?p=204680"},"modified":"2022-01-03T19:37:02","modified_gmt":"2022-01-03T23:37:02","slug":"en-espana-son-mas-de-370-mil-nuevos-los-contagios-en-un-dia","status":"publish","type":"post","link":"https:\/\/elluchador.info\/?p=204680","title":{"rendered":"En Espa\u00f1a son m\u00e1s de 370 mil nuevos los contagios en un d\u00eda"},"content":{"rendered":"<p>Espa\u00f1a comienza el a\u00f1o con 372.766 nuevos contagios de coronavirus, de nuevo cifras sin precedentes desde el incicio de la pandemia, que hace incrementar la ocupaci\u00f3n en las unidades de cuidados intensivos (ucis)\u00a0 al 21,8 %, muy por encima del 15 % establecido por las autoridades sanitarias como riesgo alto.<\/p>\n<p>Seg\u00fan la primera actualizaci\u00f3n del a\u00f1o 2022 del Ministerio de Sanidad este lunes, los nuevos casos de covid-19 disparan la incidencia acumulada a 2.295\u00a0 casos por cada 100.000 habitantes a 14 d\u00edas, 520 puntos m\u00e1s que el jueves pasado, el \u00faltimo d\u00eda que se dieron datos oficiales a nivel nacional, debido a las fiestas de fin de a\u00f1o.<\/p>\n<div class=\"google-auto-placed ap_container\"><ins class=\"adsbygoogle adsbygoogle-noablate\" data-ad-format=\"auto\" data-ad-client=\"ca-pub-7071622250727103\" data-adsbygoogle-status=\"done\" data-ad-status=\"unfilled\"><ins id=\"aswift_3_expand\" tabindex=\"0\" title=\"Advertisement\" aria-label=\"Advertisement\"><ins id=\"aswift_3_anchor\"><iframe loading=\"lazy\" id=\"aswift_3\" src=\"https:\/\/googleads.g.doubleclick.net\/pagead\/ads?client=ca-pub-7071622250727103&amp;output=html&amp;h=280&amp;adk=1399216621&amp;adf=3759413560&amp;pi=t.aa~a.4279092910~i.3~rp.4&amp;w=617&amp;fwrn=4&amp;fwrnh=100&amp;lmt=1641252898&amp;num_ads=1&amp;rafmt=1&amp;armr=3&amp;sem=mc&amp;pwprc=2667439530&amp;psa=1&amp;ad_type=text_image&amp;format=617x280&amp;url=https%3A%2F%2Funionradio.net%2Fespana-registro-mas-370-mil-nuevos-contagios-en-un-dia%2F&amp;flash=0&amp;fwr=0&amp;pra=3&amp;rh=154&amp;rw=616&amp;rpe=1&amp;resp_fmts=3&amp;wgl=1&amp;fa=27&amp;adsid=ChAIgNrKjgYQkMuovK3-z7hQEj0AjnuVwhu7RMPV2Om5lz5IgMvNdoQ6un3RNwexjefmMBqKsLR1-pRRgS9IN_wQDUBxMS_BKY6oOjJwYYdG&amp;uach=WyJXaW5kb3dzIiwiMC4wLjAiLCJ4ODYiLCIiLCI5Ni4wLjQ2NjQuMTEwIixbXSxudWxsLG51bGwsIjMyIl0.&amp;dt=1641252899287&amp;bpp=6&amp;bdt=2063&amp;idt=-M&amp;shv=r20211207&amp;mjsv=m202112060101&amp;ptt=9&amp;saldr=aa&amp;abxe=1&amp;cookie=ID%3D2aeae2d0b15ff177-22346a217e7b006d%3AT%3D1627045588%3ART%3D1641252900%3AS%3DALNI_MZricpRDBVxX4gvPvMnGdb_qDsbxw&amp;prev_fmts=0x0%2C647x388%2C1007x600&amp;nras=3&amp;correlator=6364064204558&amp;frm=20&amp;pv=1&amp;ga_vid=55699617.1597867604&amp;ga_sid=1641252898&amp;ga_hid=28490998&amp;ga_fc=1&amp;u_tz=-240&amp;u_his=6&amp;u_h=768&amp;u_w=1024&amp;u_ah=728&amp;u_aw=1024&amp;u_cd=24&amp;u_sd=1&amp;dmc=2&amp;adx=34&amp;ady=1301&amp;biw=1007&amp;bih=600&amp;scr_x=0&amp;scr_y=0&amp;eid=31063859%2C21067496&amp;oid=2&amp;pvsid=3958271744712691&amp;pem=899&amp;tmod=496&amp;ref=https%3A%2F%2Funionradio.net%2Fcategory%2Fmundo%2F&amp;eae=0&amp;fc=1408&amp;brdim=0%2C0%2C0%2C0%2C1024%2C0%2C1024%2C728%2C1024%2C600&amp;vis=1&amp;rsz=%7C%7Cs%7C&amp;abl=NS&amp;fu=128&amp;bc=31&amp;jar=2021-12-14-22&amp;ifi=12&amp;uci=a!c&amp;btvi=2&amp;fsb=1&amp;xpc=g5RlGi77tU&amp;p=https%3A\/\/unionradio.net&amp;dtd=68\" name=\"aswift_3\" width=\"617\" height=\"0\" frameborder=\"0\" marginwidth=\"0\" marginheight=\"0\" scrolling=\"no\" sandbox=\"allow-forms allow-popups allow-popups-to-escape-sandbox allow-same-origin allow-scripts allow-top-navigation-by-user-activation\" allowfullscreen=\"allowfullscreen\" data-google-container-id=\"a!c\" data-google-query-id=\"CLeHrsHflvUCFYUGwwodk4YC5A\" data-load-complete=\"true\" data-mce-fragment=\"1\"><\/iframe><\/ins><\/ins><\/ins><\/div>\n<p>Todo indica que\u00a0la transmisi\u00f3n en la sexta ola que vive\u00a0 Espa\u00f1a a\u00fan no ha tocado techo y desde el pasado jueves se han contabilizado 168 fallecidos m\u00e1s y la presi\u00f3n hospitalaria, si bien no crece al mismo ritmo que las infecciones, s\u00ed acusa su incremento y se eleva a 10,1 %\u00a0 con pacientes covid.<\/p>\n<p>EFE<\/p>\n","protected":false},"excerpt":{"rendered":"<p>Espa\u00f1a comienza el a\u00f1o con 372.766 nuevos contagios de coronavirus, de nuevo cifras sin precedentes desde el incicio de la pandemia, que hace incrementar la ocupaci\u00f3n en las unidades de cuidados intensivos (ucis)\u00a0 al 21,8 %, muy por encima del 15 % establecido por las autoridades sanitarias como riesgo alto. Seg\u00fan la primera actualizaci\u00f3n del [&hellip;]<\/p>\n","protected":false},"author":2,"featured_media":204681,"comment_status":"closed","ping_status":"closed","sticky":false,"template":"","format":"standard","meta":{"footnotes":""},"categories":[5,8],"tags":[],"class_list":{"0":"post-204680","1":"post","2":"type-post","3":"status-publish","4":"format-standard","5":"has-post-thumbnail","7":"category-destacado","8":"category-internacionales"},"_links":{"self":[{"href":"https:\/\/elluchador.info\/index.php?rest_route=\/wp\/v2\/posts\/204680","targetHints":{"allow":["GET"]}}],"collection":[{"href":"https:\/\/elluchador.info\/index.php?rest_route=\/wp\/v2\/posts"}],"about":[{"href":"https:\/\/elluchador.info\/index.php?rest_route=\/wp\/v2\/types\/post"}],"author":[{"embeddable":true,"href":"https:\/\/elluchador.info\/index.php?rest_route=\/wp\/v2\/users\/2"}],"replies":[{"embeddable":true,"href":"https:\/\/elluchador.info\/index.php?rest_route=%2Fwp%2Fv2%2Fcomments&post=204680"}],"version-history":[{"count":1,"href":"https:\/\/elluchador.info\/index.php?rest_route=\/wp\/v2\/posts\/204680\/revisions"}],"predecessor-version":[{"id":204682,"href":"https:\/\/elluchador.info\/index.php?rest_route=\/wp\/v2\/posts\/204680\/revisions\/204682"}],"wp:featuredmedia":[{"embeddable":true,"href":"https:\/\/elluchador.info\/index.php?rest_route=\/wp\/v2\/media\/204681"}],"wp:attachment":[{"href":"https:\/\/elluchador.info\/index.php?rest_route=%2Fwp%2Fv2%2Fmedia&parent=204680"}],"wp:term":[{"taxonomy":"category","embeddable":true,"href":"https:\/\/elluchador.info\/index.php?rest_route=%2Fwp%2Fv2%2Fcategories&post=204680"},{"taxonomy":"post_tag","embeddable":true,"href":"https:\/\/elluchador.info\/index.php?rest_route=%2Fwp%2Fv2%2Ftags&post=204680"}],"curies":[{"name":"wp","href":"https:\/\/api.w.org\/{rel}","templated":true}]}}