{"id":204692,"date":"2022-01-03T19:54:05","date_gmt":"2022-01-03T23:54:05","guid":{"rendered":"https:\/\/elluchador.info\/web\/?p=204692"},"modified":"2022-01-03T19:54:05","modified_gmt":"2022-01-03T23:54:05","slug":"en-venezuela-hay-10-casos-de-omicron","status":"publish","type":"post","link":"https:\/\/elluchador.info\/?p=204692","title":{"rendered":"En Venezuela hay 10 casos de \u00f3micron"},"content":{"rendered":"<p>\u00abNosotros en\u00a0<strong>Venezuela\u00a0<\/strong>ya tenemos<strong>\u00a010 casos confirmados de \u00f3micron<\/strong>\u00a0y seguimos haciendo estudios. Todos hasta ahora son casos importados, pero al llegar al pa\u00eds y entrar, pueden estar difundi\u00e9ndose por alguna parte. Esperamos que aparezcan algunos\u00a0<strong>casos comunitarios<\/strong>\u00a0en los pr\u00f3ximos d\u00edas, por lo tanto hay que cuidarnos\u00bb, expres\u00f3 Alvarado.<\/p>\n<p>Este lunes, durante el inicio de<strong>\u00a0la jornada de vacunaci\u00f3n de refuerzo contra la COVID-19 en Venzuela<\/strong>, el ministro de salud,\u00a0<strong>Carlos Alvarado<\/strong>, indic\u00f3 que en el pa\u00eds ya se han detectado\u00a0<strong>10 casos de \u00f3micron<\/strong>, todos importados.<\/p>\n<p>No obstante\u00a0<strong>Alvarado\u00a0<\/strong>espera que en los pr\u00f3ximos d\u00edas se reporten los primeros casos comunitarios de esta nueva variante que ha sido catalogada como \u00abpreocupante\u00bb por la Organizaci\u00f3n Mundial de la Salud (OMS) y que adem\u00e1s presenta altos \u00edndices de contagio.<\/p>\n<p>El funcionario hizo estas declaraciones desde el Hospital \u00abDr. Miguel \u00c1ngel Rangel\u00bb, donde se di\u00f3 inicio a la\u00a0<strong>vacunaci\u00f3n de refuerzo contra la COVID-19<\/strong>\u00a0para el personal de salud.<\/p>\n<p><strong>Delcy Rodr\u00edguez<\/strong>, vicepresidenta del r\u00e9gimen, expres\u00f3 que se aplicar\u00e1n las\u00a0<strong>vacunas\u00a0<\/strong>a todo aquel que ya haya cumplido 6 meses de haberse aplicado la segunda dosis de la vacuna contra el\u00a0<strong>coronavirus<\/strong>.<\/p>\n<p>Rodr\u00edguez adem\u00e1s llam\u00f3 a todo el personal de salud a asistir a los centros de vacunaci\u00f3n para recibir la dosis de refuerzo<\/p>\n<p>El Impulso<\/p>\n","protected":false},"excerpt":{"rendered":"<p>\u00abNosotros en\u00a0Venezuela\u00a0ya tenemos\u00a010 casos confirmados de \u00f3micron\u00a0y seguimos haciendo estudios. Todos hasta ahora son casos importados, pero al llegar al pa\u00eds y entrar, pueden estar difundi\u00e9ndose por alguna parte. Esperamos que aparezcan algunos\u00a0casos comunitarios\u00a0en los pr\u00f3ximos d\u00edas, por lo tanto hay que cuidarnos\u00bb, expres\u00f3 Alvarado. Este lunes, durante el inicio de\u00a0la jornada de vacunaci\u00f3n de [&hellip;]<\/p>\n","protected":false},"author":2,"featured_media":204693,"comment_status":"closed","ping_status":"closed","sticky":false,"template":"","format":"standard","meta":{"footnotes":""},"categories":[5,9],"tags":[289,279,306,281,336,277,280,337,131,315,199,105],"class_list":{"0":"post-204692","1":"post","2":"type-post","3":"status-publish","4":"format-standard","5":"has-post-thumbnail","7":"category-destacado","8":"category-nacionales","9":"tag-adulto-mayor","10":"tag-casos-comunitarios","11":"tag-ciudad-bolivar","12":"tag-covid-19","13":"tag-omicron","14":"tag-oms","15":"tag-ops","16":"tag-refuerzo","17":"tag-salud","18":"tag-vacuna","19":"tag-vacunacion","20":"tag-venezuela"},"_links":{"self":[{"href":"https:\/\/elluchador.info\/index.php?rest_route=\/wp\/v2\/posts\/204692","targetHints":{"allow":["GET"]}}],"collection":[{"href":"https:\/\/elluchador.info\/index.php?rest_route=\/wp\/v2\/posts"}],"about":[{"href":"https:\/\/elluchador.info\/index.php?rest_route=\/wp\/v2\/types\/post"}],"author":[{"embeddable":true,"href":"https:\/\/elluchador.info\/index.php?rest_route=\/wp\/v2\/users\/2"}],"replies":[{"embeddable":true,"href":"https:\/\/elluchador.info\/index.php?rest_route=%2Fwp%2Fv2%2Fcomments&post=204692"}],"version-history":[{"count":1,"href":"https:\/\/elluchador.info\/index.php?rest_route=\/wp\/v2\/posts\/204692\/revisions"}],"predecessor-version":[{"id":204694,"href":"https:\/\/elluchador.info\/index.php?rest_route=\/wp\/v2\/posts\/204692\/revisions\/204694"}],"wp:featuredmedia":[{"embeddable":true,"href":"https:\/\/elluchador.info\/index.php?rest_route=\/wp\/v2\/media\/204693"}],"wp:attachment":[{"href":"https:\/\/elluchador.info\/index.php?rest_route=%2Fwp%2Fv2%2Fmedia&parent=204692"}],"wp:term":[{"taxonomy":"category","embeddable":true,"href":"https:\/\/elluchador.info\/index.php?rest_route=%2Fwp%2Fv2%2Fcategories&post=204692"},{"taxonomy":"post_tag","embeddable":true,"href":"https:\/\/elluchador.info\/index.php?rest_route=%2Fwp%2Fv2%2Ftags&post=204692"}],"curies":[{"name":"wp","href":"https:\/\/api.w.org\/{rel}","templated":true}]}}