{"id":204839,"date":"2022-01-07T09:35:37","date_gmt":"2022-01-07T13:35:37","guid":{"rendered":"https:\/\/elluchador.info\/web\/?p=204839"},"modified":"2022-01-07T09:35:37","modified_gmt":"2022-01-07T13:35:37","slug":"mexico-exigira-visa-a-los-venezolanos-a-partir-del-21-de-enero","status":"publish","type":"post","link":"https:\/\/elluchador.info\/?p=204839","title":{"rendered":"M\u00e9xico exigir\u00e1 visa a los venezolanos a partir del 21 de enero"},"content":{"rendered":"<p>La exigencia de visa a ciudadanos venezolanos en M\u00e9xico entrar\u00e1<strong><a href=\"https:\/\/www.elnacional.com\/venezuela\/mexico-exigira-visa-a-los-venezolanos-para-evitar-que-lleguen-a-ee-uu\/\">\u00a0en vigencia a partir del pr\u00f3ximo\u00a0<\/a>21 de enero<\/strong>, como parte de las acciones para frenar la migraci\u00f3n irregular hacia Estados Unidos. La medida qued\u00f3 establecida en\u00a0<a href=\"http:\/\/www.dof.gob.mx\/nota_detalle.php?codigo=5640345&amp;fecha=06\/01\/2022&amp;print=true\">una disposici\u00f3n publicada en el Diario Oficial el jueves<\/a>.<\/p>\n<p>\u201cSe ha identificado un incremento sustancial de nacionales de la Rep\u00fablica Bolivariana de Venezuela que ingresan al territorio nacional con supresi\u00f3n de visa con<strong>\u00a0una finalidad distinta<\/strong>\u00a0a la permitida, como el tr\u00e1nsito irregular hacia un tercer pa\u00eds\u201d, se\u00f1ala la norma.<\/p>\n<p>Las autoridades aseguraron que la magnitud se estima en m\u00e1s de un tercio del volumen total de ingresos de venezolanos al pa\u00eds, en el per\u00edodo de enero a septiembre del a\u00f1o pasado, de acuerdo con el an\u00e1lisis generado a partir de la informaci\u00f3n estad\u00edstica.<\/p>\n<p>Destac\u00f3\u00a0<strong>el incremento en m\u00e1s de 1.000%<\/strong>\u00a0en comparaci\u00f3n con el mismo per\u00edodo en los 5 a\u00f1os previos. Adem\u00e1s, resalt\u00f3 el incremento en declaraciones falsas sobre sus motivos de viaje, la diversificaci\u00f3n de rutas de tr\u00e1nsito y la identificaci\u00f3n de algunos delitos asociados a la movilidad internacional, como la trata de personas y el tr\u00e1fico de migrantes.<\/p>\n<p>Esto, se expresa en el acuerdo, refleja un uso inadecuado de la medida de facilitaci\u00f3n, lo que tiene distintos impactos en el pa\u00eds.<\/p>\n<p>\u201c<strong>M\u00e9xico ha determinado de manera unilateral la aplicaci\u00f3n de visa<\/strong>\u00a0en pasaportes ordinarios a los venezolanos que pretendan ingresar al pa\u00eds como visitantes sin permiso para realizar actividades remuneradas, lo que hace necesario dar a conocer la medida y se\u00f1alar los tr\u00e1mites vigentes que deber\u00e1n realizar dichas personas para su ingreso al territorio nacional\u201d, se establece.<\/p>\n<h2>Amnist\u00eda Internacional pide reconsiderar medida<\/h2>\n<p>Amnist\u00eda Internacional pidi\u00f3 en diciembre pasado al presidente mexicano Andr\u00e9s Manuel L\u00f3pez Obrador reconsiderar su decisi\u00f3n de solicitar visas a los venezolanos ante el aumento de su tr\u00e1nsito por este pa\u00eds hacia Estados Unidos.<\/p>\n<p>\u201cVemos con gran preocupaci\u00f3n que esta decisi\u00f3n del gobierno mexica<strong>no puede tener graves repercusiones en la vida de las personas venezolanas<\/strong>\u00a0que buscan protecci\u00f3n internacional en otros pa\u00edses de la regi\u00f3n, incluyendo M\u00e9xico\u201d, expres\u00f3 la asociaci\u00f3n en una carta abierta dirigida al mandatario mexicano.<\/p>\n<p>\u201cLa imposici\u00f3n de visas de ingreso podr\u00eda poner en riesgo el derecho a solicitar asilo de personas venezolanas\u201d, advirti\u00f3.<\/p>\n<p>La organizaci\u00f3n argument\u00f3 que la crisis de derechos humanos y la emergencia humanitaria en Venezuela han obligado a\u00a0<strong>m\u00e1s de 6 millones de personas a abandonar su pa\u00eds<\/strong>\u00a0los \u00faltimos a\u00f1os.<\/p>\n<p>\u201cLe hacemos un llamado (a L\u00f3pez Obrador) a reconsiderar la decisi\u00f3n de requerimiento de visado, as\u00ed como a\u00a0<strong>fortalecer el sistema de asilo para todas las personas<\/strong>\u00a0que buscan la protecci\u00f3n internacional en territorio mexicano, sin discriminaci\u00f3n y en l\u00ednea con las obligaciones internacionales de M\u00e9xico en materia de derechos humanos\u201d, concluy\u00f3.<\/p>\n<blockquote class=\"twitter-tweet\" data-width=\"550\" data-dnt=\"true\">\n<p lang=\"es\" dir=\"ltr\">Gobierno mexicano concreta exigencia de visa a venezolanos\u00a0<\/p>\n<p>Entre las primeras medidas de <a href=\"https:\/\/twitter.com\/GobiernoMX?ref_src=twsrc%5Etfw\">@GobiernoMX<\/a> para 2022 est\u00e1 el cierre de fronteras a personas de Venezuela <a href=\"https:\/\/twitter.com\/lopezobrador_?ref_src=twsrc%5Etfw\">@lopezobrador_<\/a> \ud83d\udc4e\ud83c\udffd<\/p>\n<p>Link a Acuerdo publicado en el Diario Oficial de la Federaci\u00f3n DOF:<a href=\"https:\/\/t.co\/eR05silLoK\">https:\/\/t.co\/eR05silLoK<\/a> <a href=\"https:\/\/t.co\/2vhgN0dD9c\">pic.twitter.com\/2vhgN0dD9c<\/a><\/p>\n<p>&mdash; Marcos G\u00f3mez   \ud83d\udd6f (@GomezMarcos) <a href=\"https:\/\/twitter.com\/GomezMarcos\/status\/1479344283744362498?ref_src=twsrc%5Etfw\">January 7, 2022<\/a><\/p><\/blockquote>\n<p><script async src=\"https:\/\/platform.twitter.com\/widgets.js\" charset=\"utf-8\"><\/script><\/p>\n<p><strong>El Nacional<\/strong><\/p>\n","protected":false},"excerpt":{"rendered":"<p>La exigencia de visa a ciudadanos venezolanos en M\u00e9xico entrar\u00e1\u00a0en vigencia a partir del pr\u00f3ximo\u00a021 de enero, como parte de las acciones para frenar la migraci\u00f3n irregular hacia Estados Unidos. La medida qued\u00f3 establecida en\u00a0una disposici\u00f3n publicada en el Diario Oficial el jueves. \u201cSe ha identificado un incremento sustancial de nacionales de la Rep\u00fablica Bolivariana [&hellip;]<\/p>\n","protected":false},"author":2,"featured_media":204840,"comment_status":"closed","ping_status":"closed","sticky":false,"template":"","format":"standard","meta":{"footnotes":""},"categories":[5,8],"tags":[],"class_list":{"0":"post-204839","1":"post","2":"type-post","3":"status-publish","4":"format-standard","5":"has-post-thumbnail","7":"category-destacado","8":"category-internacionales"},"_links":{"self":[{"href":"https:\/\/elluchador.info\/index.php?rest_route=\/wp\/v2\/posts\/204839","targetHints":{"allow":["GET"]}}],"collection":[{"href":"https:\/\/elluchador.info\/index.php?rest_route=\/wp\/v2\/posts"}],"about":[{"href":"https:\/\/elluchador.info\/index.php?rest_route=\/wp\/v2\/types\/post"}],"author":[{"embeddable":true,"href":"https:\/\/elluchador.info\/index.php?rest_route=\/wp\/v2\/users\/2"}],"replies":[{"embeddable":true,"href":"https:\/\/elluchador.info\/index.php?rest_route=%2Fwp%2Fv2%2Fcomments&post=204839"}],"version-history":[{"count":1,"href":"https:\/\/elluchador.info\/index.php?rest_route=\/wp\/v2\/posts\/204839\/revisions"}],"predecessor-version":[{"id":204841,"href":"https:\/\/elluchador.info\/index.php?rest_route=\/wp\/v2\/posts\/204839\/revisions\/204841"}],"wp:featuredmedia":[{"embeddable":true,"href":"https:\/\/elluchador.info\/index.php?rest_route=\/wp\/v2\/media\/204840"}],"wp:attachment":[{"href":"https:\/\/elluchador.info\/index.php?rest_route=%2Fwp%2Fv2%2Fmedia&parent=204839"}],"wp:term":[{"taxonomy":"category","embeddable":true,"href":"https:\/\/elluchador.info\/index.php?rest_route=%2Fwp%2Fv2%2Fcategories&post=204839"},{"taxonomy":"post_tag","embeddable":true,"href":"https:\/\/elluchador.info\/index.php?rest_route=%2Fwp%2Fv2%2Ftags&post=204839"}],"curies":[{"name":"wp","href":"https:\/\/api.w.org\/{rel}","templated":true}]}}