{"id":204934,"date":"2022-01-09T21:06:06","date_gmt":"2022-01-10T01:06:06","guid":{"rendered":"https:\/\/elluchador.info\/web\/?p=204934"},"modified":"2022-01-09T21:06:06","modified_gmt":"2022-01-10T01:06:06","slug":"designan-al-diputado-alexis-rodriguez-como-vicepresidente-territorial-del-psuv-bolivar","status":"publish","type":"post","link":"https:\/\/elluchador.info\/?p=204934","title":{"rendered":"Designan al diputado Alexis Rodr\u00edguez como vicepresidente territorial del Psuv Bol\u00edvar"},"content":{"rendered":"<p><span style=\"font-weight: 400;\">En marco del Congreso del Partido Socialista Unido de Venezuela (Psuv) que se realizar\u00e1 el pr\u00f3ximo mes de marzo, este s\u00e1bado 08 de enero se llev\u00f3 a cabo un encuentro en la sede del Psuv, ubicada en San F\u00e9lix, municipio Caron\u00ed.<\/span><\/p>\n<p><span style=\"font-weight: 400;\">La reuni\u00f3n cont\u00f3 con la presencia del gobernador del estado Bol\u00edvar, \u00c1ngel Marcano, de todos los alcaldes bolivarianos y de miembros de la direcci\u00f3n regional del Psuv Bol\u00edvar.\u00a0<\/span><\/p>\n<p><span style=\"font-weight: 400;\">En la actividad se anunci\u00f3 la decisi\u00f3n de la direcci\u00f3n nacional del Psuv, de designar al diputado a la Asamblea Nacional (AN), Alexis Rodr\u00edguez Cabello, como vicepresidente territorial del Psuv en Bol\u00edvar.<\/span><\/p>\n<p><span style=\"font-weight: 400;\">Durante esta reuni\u00f3n se acord\u00f3 un\u00e1nimemente valorar el debate y la discusi\u00f3n permanente dentro del Psuv, con el objetivo de evaluar la gesti\u00f3n de Gobierno y atender las necesidades del pueblo, m\u00e1s all\u00e1 de los eventos electorales.\u00a0<\/span><\/p>\n<p><span style=\"font-weight: 400;\">El gobernador del estado Bol\u00edvar, \u00c1ngel Marcano, aplaudi\u00f3 la decisi\u00f3n de la direcci\u00f3n nacional del Psuv, de designar a Cabello como vicepresidente territorial, porque representa la fidelidad de un verdadero revolucionario.\u00a0<\/span><\/p>\n<p><span style=\"font-weight: 400;\">\u201cLos gobernadores y alcaldes no deben ser los vicepresidentes del Psuv en las regiones, estas acciones limitan la dial\u00e9ctica del debate pol\u00edtico dentro de la organizaci\u00f3n y de las bases\u00bb.\u00a0<\/span><\/p>\n<p><b>Disciplina revolucionaria\u00a0<\/b><\/p>\n<p><span style=\"font-weight: 400;\">Durante este encuentro las autoridades resaltaron que el partido se ha caracterizado por su disciplina y que juntos trabajar\u00e1n, con el fin de revisar las pol\u00edticas que se han venido ejecutando para mejorar la calidad de vida de la poblaci\u00f3n de Bol\u00edvar.<\/span><\/p>\n<p><b>Ciudad Guayana<\/b><\/p>\n","protected":false},"excerpt":{"rendered":"<p>En marco del Congreso del Partido Socialista Unido de Venezuela (Psuv) que se realizar\u00e1 el pr\u00f3ximo mes de marzo, este s\u00e1bado 08 de enero se llev\u00f3 a cabo un encuentro en la sede del Psuv, ubicada en San F\u00e9lix, municipio Caron\u00ed. La reuni\u00f3n cont\u00f3 con la presencia del gobernador del estado Bol\u00edvar, \u00c1ngel Marcano, de [&hellip;]<\/p>\n","protected":false},"author":2,"featured_media":204935,"comment_status":"closed","ping_status":"closed","sticky":false,"template":"","format":"standard","meta":{"footnotes":""},"categories":[5,11],"tags":[],"class_list":{"0":"post-204934","1":"post","2":"type-post","3":"status-publish","4":"format-standard","5":"has-post-thumbnail","7":"category-destacado","8":"category-politica"},"_links":{"self":[{"href":"https:\/\/elluchador.info\/index.php?rest_route=\/wp\/v2\/posts\/204934","targetHints":{"allow":["GET"]}}],"collection":[{"href":"https:\/\/elluchador.info\/index.php?rest_route=\/wp\/v2\/posts"}],"about":[{"href":"https:\/\/elluchador.info\/index.php?rest_route=\/wp\/v2\/types\/post"}],"author":[{"embeddable":true,"href":"https:\/\/elluchador.info\/index.php?rest_route=\/wp\/v2\/users\/2"}],"replies":[{"embeddable":true,"href":"https:\/\/elluchador.info\/index.php?rest_route=%2Fwp%2Fv2%2Fcomments&post=204934"}],"version-history":[{"count":1,"href":"https:\/\/elluchador.info\/index.php?rest_route=\/wp\/v2\/posts\/204934\/revisions"}],"predecessor-version":[{"id":204936,"href":"https:\/\/elluchador.info\/index.php?rest_route=\/wp\/v2\/posts\/204934\/revisions\/204936"}],"wp:featuredmedia":[{"embeddable":true,"href":"https:\/\/elluchador.info\/index.php?rest_route=\/wp\/v2\/media\/204935"}],"wp:attachment":[{"href":"https:\/\/elluchador.info\/index.php?rest_route=%2Fwp%2Fv2%2Fmedia&parent=204934"}],"wp:term":[{"taxonomy":"category","embeddable":true,"href":"https:\/\/elluchador.info\/index.php?rest_route=%2Fwp%2Fv2%2Fcategories&post=204934"},{"taxonomy":"post_tag","embeddable":true,"href":"https:\/\/elluchador.info\/index.php?rest_route=%2Fwp%2Fv2%2Ftags&post=204934"}],"curies":[{"name":"wp","href":"https:\/\/api.w.org\/{rel}","templated":true}]}}